{"id":1930,"date":"2017-02-09T15:13:08","date_gmt":"2017-02-09T21:13:08","guid":{"rendered":"http:\/\/www.inter-accion.com.mx\/?p=1930"},"modified":"2017-02-09T15:13:08","modified_gmt":"2017-02-09T21:13:08","slug":"tecnicamente-estan-desaparecidos-dos-pescadores-de-acapulco","status":"publish","type":"post","link":"https:\/\/www.interaccionnoticias.com.mx\/?p=1930","title":{"rendered":"T\u00e9cnicamente est\u00e1n &quot;desaparecidos&quot;, dos pescadores de Acapulco"},"content":{"rendered":"<p>Han transcurrido 16 d\u00edas en que zarparon<br \/>\nAcapulco, Gro.- Luego de haber transcurrido 16 d\u00edas de estar desaparecidos en el mar dos pescadores de Acapulco, la Marina Armada de M\u00e9xico consider\u00f3 que \u00abt\u00e9cnicamente est\u00e1n desaparecidos\u00bb, pero contin\u00faa la b\u00fasqueda en el litoral costero.<br \/>\n\u00abLos pescadores de la embarcaci\u00f3n \u00abCarlota\u00bb, nosotros mantenemos los operativos de b\u00fasqueda, aunque el nivel de certidumbre (para encontrarlos con vida) para tener \u00e9xito en esta operaci\u00f3n se ha reducido considerablemente su nivel.<br \/>\n\u00abT\u00e9cnicamente podr\u00eda ya declararse una desaparici\u00f3n de estos pescadores, pero mantenemos las unidades operativas en el \u00e1rea\u00bb, dijo el almirante de la zona y de la Octava Regi\u00f3n Naval, Juan Guillermo Fierro Rocha.<br \/>\nEn entrevista, el alto mando naval, dijo que como una muestra de solidaridad con la familia se amplio el plazo adem\u00e1s de las 96 horas 72 m\u00e1s, pero no han declarado el cese de la b\u00fasqueda.<\/p>\n","protected":false},"excerpt":{"rendered":"<p>Han transcurrido 16 d\u00edas en que zarparon Acapulco, Gro.- Luego de haber transcurrido 16 d\u00edas de estar desaparecidos en el mar dos pescadores de Acapulco, la Marina Armada de M\u00e9xico&hellip; <\/p>\n","protected":false},"author":1,"featured_media":0,"comment_status":"open","ping_status":"open","sticky":false,"template":"","format":"standard","meta":{"fifu_image_url":"","fifu_image_alt":"","footnotes":""},"categories":[8,23],"tags":[],"class_list":["post-1930","post","type-post","status-publish","format-standard","hentry","category-featured","category-regionales"],"_links":{"self":[{"href":"https:\/\/www.interaccionnoticias.com.mx\/index.php?rest_route=\/wp\/v2\/posts\/1930","targetHints":{"allow":["GET"]}}],"collection":[{"href":"https:\/\/www.interaccionnoticias.com.mx\/index.php?rest_route=\/wp\/v2\/posts"}],"about":[{"href":"https:\/\/www.interaccionnoticias.com.mx\/index.php?rest_route=\/wp\/v2\/types\/post"}],"author":[{"embeddable":true,"href":"https:\/\/www.interaccionnoticias.com.mx\/index.php?rest_route=\/wp\/v2\/users\/1"}],"replies":[{"embeddable":true,"href":"https:\/\/www.interaccionnoticias.com.mx\/index.php?rest_route=%2Fwp%2Fv2%2Fcomments&post=1930"}],"version-history":[{"count":0,"href":"https:\/\/www.interaccionnoticias.com.mx\/index.php?rest_route=\/wp\/v2\/posts\/1930\/revisions"}],"wp:attachment":[{"href":"https:\/\/www.interaccionnoticias.com.mx\/index.php?rest_route=%2Fwp%2Fv2%2Fmedia&parent=1930"}],"wp:term":[{"taxonomy":"category","embeddable":true,"href":"https:\/\/www.interaccionnoticias.com.mx\/index.php?rest_route=%2Fwp%2Fv2%2Fcategories&post=1930"},{"taxonomy":"post_tag","embeddable":true,"href":"https:\/\/www.interaccionnoticias.com.mx\/index.php?rest_route=%2Fwp%2Fv2%2Ftags&post=1930"}],"curies":[{"name":"wp","href":"https:\/\/api.w.org\/{rel}","templated":true}]}}