{"id":1919,"date":"2017-02-09T14:50:00","date_gmt":"2017-02-09T20:50:00","guid":{"rendered":"http:\/\/www.inter-accion.com.mx\/?p=1919"},"modified":"2017-02-09T14:50:00","modified_gmt":"2017-02-09T20:50:00","slug":"comerciantes-del-mercado-benito-juarez-tendran-su-propio-servicio-de-recoleccion-de-basura-ante-nula-respuesta-del-ayuntamiento","status":"publish","type":"post","link":"https:\/\/www.interaccionnoticias.com.mx\/?p=1919","title":{"rendered":"Comerciantes del Mercado Benito Ju\u00e1rez, tendr\u00e1n su propio servicio de recolecci\u00f3n de basura, ante nula respuesta del Ayuntamiento"},"content":{"rendered":"<div dir=\"auto\">Chilpancingo, 9 de febrero de 2017.- Locatarios del Mercado &#8216;Benito Ju\u00e1rez&#8217;, iniciaron trabajos de limpieza en el contenedor de basura, a falta de intervenci\u00f3n del gobierno municipal de Chilpancingo.&nbsp;<\/div>\n<div dir=\"auto\">&nbsp;<\/div>\n<div dir=\"auto\">La ma\u00f1ana de este jueves, los 28 locatarios de venta de alimentos, anunciaron que retirar\u00e1n por su cuenta la basura que generen y los restos del contenedor met\u00e1lico, ubicado en la entrada al estacionamiento del Mercado &#8216;Benito Ju\u00e1rez&#8217; y sobre el boulevar Vicente Guerrero.&nbsp;<\/div>\n<div dir=\"auto\">&nbsp;<\/div>\n<div dir=\"auto\">El pasado martes, ante la falta de apoyo de las autoridades municipales por no recolectar de manera adecuada los desechos s\u00f3lidos, los comerciantes iniciaron el retiro del contenedor de basura, para detener la acumulaci\u00f3n masiva de bolsas de residuos.&nbsp;<\/div>\n<div dir=\"auto\">&nbsp;<\/div>\n<div dir=\"auto\">En conferencia de prensa, los denunciantes dieron a conocer que conformar\u00e1n su propio sistema de recolecci\u00f3n de basura, ante las deficiencias el proyecto municipal del gobierno de Marco Antonio Leyva.&nbsp;<\/div>\n<div dir=\"auto\">&nbsp;<\/div>\n<div dir=\"auto\">Hace unos d\u00edas, el secretario de Servicios P\u00fablicos Municipales, Sergio Del Moral Ben\u00edtez, anunci\u00f3 sobre la posibilidad de instalar 4 tolvas de concreto en puntos estrat\u00e9gicos de la ciudad, para albergar los residuos s\u00f3lidos de manera temporal.<\/div>\n","protected":false},"excerpt":{"rendered":"<p>Chilpancingo, 9 de febrero de 2017.- Locatarios del Mercado &#8216;Benito Ju\u00e1rez&#8217;, iniciaron trabajos de limpieza en el contenedor de basura, a falta de intervenci\u00f3n del gobierno municipal de Chilpancingo.&nbsp; &nbsp;&hellip; <\/p>\n","protected":false},"author":1,"featured_media":0,"comment_status":"open","ping_status":"open","sticky":false,"template":"","format":"standard","meta":{"fifu_image_url":"","fifu_image_alt":"","footnotes":""},"categories":[13,8],"tags":[],"class_list":["post-1919","post","type-post","status-publish","format-standard","hentry","category-capital","category-featured"],"_links":{"self":[{"href":"https:\/\/www.interaccionnoticias.com.mx\/index.php?rest_route=\/wp\/v2\/posts\/1919","targetHints":{"allow":["GET"]}}],"collection":[{"href":"https:\/\/www.interaccionnoticias.com.mx\/index.php?rest_route=\/wp\/v2\/posts"}],"about":[{"href":"https:\/\/www.interaccionnoticias.com.mx\/index.php?rest_route=\/wp\/v2\/types\/post"}],"author":[{"embeddable":true,"href":"https:\/\/www.interaccionnoticias.com.mx\/index.php?rest_route=\/wp\/v2\/users\/1"}],"replies":[{"embeddable":true,"href":"https:\/\/www.interaccionnoticias.com.mx\/index.php?rest_route=%2Fwp%2Fv2%2Fcomments&post=1919"}],"version-history":[{"count":0,"href":"https:\/\/www.interaccionnoticias.com.mx\/index.php?rest_route=\/wp\/v2\/posts\/1919\/revisions"}],"wp:attachment":[{"href":"https:\/\/www.interaccionnoticias.com.mx\/index.php?rest_route=%2Fwp%2Fv2%2Fmedia&parent=1919"}],"wp:term":[{"taxonomy":"category","embeddable":true,"href":"https:\/\/www.interaccionnoticias.com.mx\/index.php?rest_route=%2Fwp%2Fv2%2Fcategories&post=1919"},{"taxonomy":"post_tag","embeddable":true,"href":"https:\/\/www.interaccionnoticias.com.mx\/index.php?rest_route=%2Fwp%2Fv2%2Ftags&post=1919"}],"curies":[{"name":"wp","href":"https:\/\/api.w.org\/{rel}","templated":true}]}}