{"id":1855,"date":"2017-02-07T16:46:19","date_gmt":"2017-02-07T22:46:19","guid":{"rendered":"http:\/\/www.inter-accion.com.mx\/?p=1855"},"modified":"2017-02-07T16:46:19","modified_gmt":"2017-02-07T22:46:19","slug":"antimotines-desalojan-a-despedidos-de-prosper","status":"publish","type":"post","link":"https:\/\/www.interaccionnoticias.com.mx\/?p=1855","title":{"rendered":"Antimotines desalojan a despedidos de PROSPER"},"content":{"rendered":"<ul>\n<li>Tras la toma del edificio<\/li>\n<\/ul>\n<p>&nbsp;<br \/>\nLa madrugada del martes, elementos de la Polic\u00eda del Estado desalojaron a siete trabajadores de la delegaci\u00f3n de Prospera en la parte norte de Chilpancingo, quienes demandaban la restituci\u00f3n de sus puestos de trabajo, pues aseguran que los despidieron de manera arbitraria.<br \/>\nMayra Morales S\u00e1nchez, explic\u00f3 que alrededor de las 05:00 horas un grupo de siete ex trabajadores; cuatro hombres y tres mujeres manten\u00edan bajo su custodia el edificio que ocupa la delegaci\u00f3n de dicha dependencia del gobierno federal.<br \/>\nA esa hora lleg\u00f3 un grupo de elementos de la Polic\u00eda del Estado habilitada con equipo antimot\u00edn, al frente iba el subdelegado administrativo Axel Fernando Zamudio Estrada, a quien los ex empleados observaron con un casco y chaleco de polic\u00eda antimotin.<br \/>\n\u201cNos gritaron que ten\u00edamos que abandonar el edificio si no quer\u00edamos ser agredidos, nosotros nos salimos porque no somos gente de conflictos y tuvimos miedo por nuestra integridad f\u00edsica\u201d, asegur\u00f3.<br \/>\nUna vez con los empleados afuera, los antimotines arrancaron las lonas y se las llevaron, ni siquiera las entregaron a los manifestantes, a pesar de que estos se las solicitaron.<br \/>\nPara la ma\u00f1ana siguiente, los inconformes recibieron el respaldo de integrantes de la Asamblea Popular de los Pueblos de Guerrero (APPG), cuyo dirigente, Nicol\u00e1s Ch\u00e1vez Adame sostuvo que el asunto debe retomarlo la Comisi\u00f3n Estatal de los Derechos Humanos (CEDH), para evitar que se cometa una injusticia.<br \/>\nLos manifestantes indicaron que en total son 27 los trabajadores despedidos de la dependencia, aunque solamente siete decidieron tomar el inmueble como medida de presi\u00f3n, lo que fue aprovechado por las autoridades para desalojarlos.<\/p>\n","protected":false},"excerpt":{"rendered":"<p>Tras la toma del edificio &nbsp; La madrugada del martes, elementos de la Polic\u00eda del Estado desalojaron a siete trabajadores de la delegaci\u00f3n de Prospera en la parte norte de&hellip; <\/p>\n","protected":false},"author":1,"featured_media":0,"comment_status":"open","ping_status":"open","sticky":false,"template":"","format":"standard","meta":{"fifu_image_url":"","fifu_image_alt":"","footnotes":""},"categories":[13,8],"tags":[],"class_list":["post-1855","post","type-post","status-publish","format-standard","hentry","category-capital","category-featured"],"_links":{"self":[{"href":"https:\/\/www.interaccionnoticias.com.mx\/index.php?rest_route=\/wp\/v2\/posts\/1855","targetHints":{"allow":["GET"]}}],"collection":[{"href":"https:\/\/www.interaccionnoticias.com.mx\/index.php?rest_route=\/wp\/v2\/posts"}],"about":[{"href":"https:\/\/www.interaccionnoticias.com.mx\/index.php?rest_route=\/wp\/v2\/types\/post"}],"author":[{"embeddable":true,"href":"https:\/\/www.interaccionnoticias.com.mx\/index.php?rest_route=\/wp\/v2\/users\/1"}],"replies":[{"embeddable":true,"href":"https:\/\/www.interaccionnoticias.com.mx\/index.php?rest_route=%2Fwp%2Fv2%2Fcomments&post=1855"}],"version-history":[{"count":0,"href":"https:\/\/www.interaccionnoticias.com.mx\/index.php?rest_route=\/wp\/v2\/posts\/1855\/revisions"}],"wp:attachment":[{"href":"https:\/\/www.interaccionnoticias.com.mx\/index.php?rest_route=%2Fwp%2Fv2%2Fmedia&parent=1855"}],"wp:term":[{"taxonomy":"category","embeddable":true,"href":"https:\/\/www.interaccionnoticias.com.mx\/index.php?rest_route=%2Fwp%2Fv2%2Fcategories&post=1855"},{"taxonomy":"post_tag","embeddable":true,"href":"https:\/\/www.interaccionnoticias.com.mx\/index.php?rest_route=%2Fwp%2Fv2%2Ftags&post=1855"}],"curies":[{"name":"wp","href":"https:\/\/api.w.org\/{rel}","templated":true}]}}