{"id":1835,"date":"2017-02-07T13:24:09","date_gmt":"2017-02-07T19:24:09","guid":{"rendered":"http:\/\/www.inter-accion.com.mx\/?p=1835"},"modified":"2017-02-07T13:24:09","modified_gmt":"2017-02-07T19:24:09","slug":"fomenta-actividades-culturales-alcalde-de-eduardo-neri","status":"publish","type":"post","link":"https:\/\/www.interaccionnoticias.com.mx\/?p=1835","title":{"rendered":"Fomenta actividades culturales alcalde de Eduardo Neri"},"content":{"rendered":"<p>Tras dar inicio a la feria de la candelaria en Honor al Se\u00f1or de las Misericordias en Zumpango del R\u00edo, Pablo Higuera Fuentes,\u00a0 presidente municipal de Eduardo Neri, llev\u00f3 a cabo diferentes actividades con el prop\u00f3sito de seguir fomentando la cultura entre los ciudadanos.<br \/>\nPara ello el pasado viernes 3 de febrero se inaugur\u00f3 \u00a0la 2da Expo Ganadera, seguido con el tradicional \u201cTorito Cocinero\u201d que no pod\u00eda faltar en la tradicional feria de la candelaria.<br \/>\nPosteriormente el Dr. Carlos Antaramian, mediante una conferencia magistral mostr\u00f3 la vida, tribulaciones y exilio de un armenio en M\u00e9xico de Don Jacobo Harootian en el recinto cultural que lleva su nombre, m\u00e1s tarde se present\u00f3 un recital de piano a cargo del maestro Olimpo Carbajal en el centro cultural y para finalizar el d\u00eda se cont\u00f3 con la participaci\u00f3n de los Karkik\u2019s.<br \/>\nLos d\u00edas siguientes se siguieron presentando \u00a0exposiciones de artistas guerrerenses importantes, como H\u00e9ctor Massiel, Miguel \u00c1ngel Sotelo y \u00a0Nicol\u00e1s de Jes\u00fas, \u00a0reconocido pintor de Ameyaltepec.<br \/>\nA una semana de que la fiesta del pueblo termine el alcalde Pablo Higuera ha demostrado la maravilla y la magia que tiene tan importante evento y resalta la historia, tradici\u00f3n y personalidad de Zumpango. (Bolet\u00edn)<\/p>\n","protected":false},"excerpt":{"rendered":"<p>Tras dar inicio a la feria de la candelaria en Honor al Se\u00f1or de las Misericordias en Zumpango del R\u00edo, Pablo Higuera Fuentes,\u00a0 presidente municipal de Eduardo Neri, llev\u00f3 a&hellip; <\/p>\n","protected":false},"author":1,"featured_media":0,"comment_status":"open","ping_status":"open","sticky":false,"template":"","format":"standard","meta":{"fifu_image_url":"","fifu_image_alt":"","footnotes":""},"categories":[23],"tags":[],"class_list":["post-1835","post","type-post","status-publish","format-standard","hentry","category-regionales"],"_links":{"self":[{"href":"https:\/\/www.interaccionnoticias.com.mx\/index.php?rest_route=\/wp\/v2\/posts\/1835","targetHints":{"allow":["GET"]}}],"collection":[{"href":"https:\/\/www.interaccionnoticias.com.mx\/index.php?rest_route=\/wp\/v2\/posts"}],"about":[{"href":"https:\/\/www.interaccionnoticias.com.mx\/index.php?rest_route=\/wp\/v2\/types\/post"}],"author":[{"embeddable":true,"href":"https:\/\/www.interaccionnoticias.com.mx\/index.php?rest_route=\/wp\/v2\/users\/1"}],"replies":[{"embeddable":true,"href":"https:\/\/www.interaccionnoticias.com.mx\/index.php?rest_route=%2Fwp%2Fv2%2Fcomments&post=1835"}],"version-history":[{"count":0,"href":"https:\/\/www.interaccionnoticias.com.mx\/index.php?rest_route=\/wp\/v2\/posts\/1835\/revisions"}],"wp:attachment":[{"href":"https:\/\/www.interaccionnoticias.com.mx\/index.php?rest_route=%2Fwp%2Fv2%2Fmedia&parent=1835"}],"wp:term":[{"taxonomy":"category","embeddable":true,"href":"https:\/\/www.interaccionnoticias.com.mx\/index.php?rest_route=%2Fwp%2Fv2%2Fcategories&post=1835"},{"taxonomy":"post_tag","embeddable":true,"href":"https:\/\/www.interaccionnoticias.com.mx\/index.php?rest_route=%2Fwp%2Fv2%2Ftags&post=1835"}],"curies":[{"name":"wp","href":"https:\/\/api.w.org\/{rel}","templated":true}]}}