{"id":1827,"date":"2017-02-06T19:33:06","date_gmt":"2017-02-07T01:33:06","guid":{"rendered":"http:\/\/www.inter-accion.com.mx\/?p=1827"},"modified":"2017-02-06T19:33:06","modified_gmt":"2017-02-07T01:33:06","slug":"prd-no-al-gasolinazo","status":"publish","type":"post","link":"https:\/\/www.interaccionnoticias.com.mx\/?p=1827","title":{"rendered":"PRD: NO AL GASOLINAZO"},"content":{"rendered":"<p>\u00bfCu\u00e1nto tiempo pas\u00f3?, a m\u00e1s de diez perredistas se les interrog\u00f3 para ver si recordaban cuando fue la \u00faltima vez que, hab\u00edan salido a la calle sin un motivo electoral; los interpelados, correspond\u00edan a diversas generaciones, sin embargo, ni los j\u00f3venes, ni los maduros o la gente de edad avanzada pudo recordar cuando fue la \u00faltima ocasi\u00f3n en que se movilizaron sin la necesidad de tener a una candidata o candidato a quien seguir. Tal vez; independientemente que, el n\u00famero de participantes fue muy elevado, lo importante de la marcha fue exactamente que el PRD en Guerrero vuelve a marchar por una causa social y no electoral.<br \/>\n<span style=\"font-weight: 400;\">El PRD deber\u00eda de agradecer al PRI a su presidente Enrique Pe\u00f1a Nieto, quien, con sus reformas estructurales, sus leyes secundarias e impuestos especiales, est\u00e1 logrando revivir la m\u00edstica de lucha de la base perredista, recalcar el tema de las bases porque salvo contad\u00edsimas excepciones; hay una burocracia rancia del PRD que no ve ya como rentables el movilizarse sobre todo si no tendr\u00e1 ganancia en votos electorales. O que en el peor de los casos tienen acuerdos con el PRI-Gobierno para no hacer el caldo gordo a las protestas sociales. <\/span><br \/>\n<span style=\"font-weight: 400;\">El PRD est\u00e1 logrando medianamente recuperar la credibilidad de la sociedad su actitud congruente en la defensa de la naci\u00f3n, al movilizarse contra el aumento de la gasolina le est\u00e1 rindiendo buenos frutos; si y solo si, el PRD se atreviera a sancionar pol\u00edticamente a los que votaron a favor, se abstuvieron o enfermaron providencialmente, expuls\u00e1ndolos de ese partido, seguramente rescatar\u00edan un sector importante de la simpat\u00eda de micha gente, no estoy seguro si su voto, pero cuando menos no tendr\u00edan el repudio de la sociedad, algo es algo.<\/span><br \/>\n<span style=\"font-weight: 400;\">Acusa todav\u00eda rezagos el PRD para volver a ser el partido combativo de anta\u00f1o, esa actitud que, de manera manipulada en los medios, el sistema se empe\u00f1aba en se\u00f1alar que estaba mal. Una actitud clara, transparente, unidad y que significara para el resto de la izquierda el n\u00facleo de la unidad del movimiento social y la alternativa de izquierda que mucha gente todav\u00eda est\u00e1 esperando. Sin embargo; es todav\u00eda una materia que los perredistas tienen pendiente de cursar, estudiar y aprobar para darle vuelta a la tortilla y as\u00ed lograr, que los gestos de aprobaci\u00f3n que hoy recibieron en su marcha por parte de la sociedad civil que sali\u00f3 a sus banquetas, puertas y ventanas a ver pasar la marcha y mancha amarilla y, que logr\u00f3 borrar los gestos de burlas, desaprobaci\u00f3n, repudio y otros sentimientos que la gente ven\u00eda acumulando contra el PRD. Hoy por hoy se not\u00f3 que, esa sociedad flotante pol\u00edticamente, que vota seg\u00fan el actuar del partido o del candidato en cuesti\u00f3n, ven con buenos ojos que el PRD se movilice en defensa de sus derechos.<\/span><br \/>\n<span style=\"font-weight: 400;\">A pesar de lo que todos vieron, hay gente que todav\u00eda se atreve a decir que la gente est\u00e1 abandonando al PRD, lo que sin ser una mentira como tal, se magnifica sin m\u00e1s elementos de an\u00e1lisis que la animadversi\u00f3n pol\u00edtica hacia la izquierda; tampoco la gente est\u00e1 derrumbando las puertas de este instituto pol\u00edtico para afiliarse, sin embargo hay un cambio de actitud de parte de la sociedad hacia el partido amarillo en el movimiento social, sea como sea, no es momento de echar las campanas al vuelo, hace mucho por hacer, lo cierto es que, acciones como esta, que dif\u00edcil la pueden realizar cualquier otro partido de izquierda en Guerrero sin necesidad de que sea proceso electoral o alguna personalidad nacional la encabece, la podr\u00eda realizar.<\/span><br \/>\n<span style=\"font-weight: 400;\">Actitudes como esta, puede llevar al PRD a volver a ser el referente obligado ante la izquierda social y electoral para encabezar el esfuerzo de derrocar por la v\u00eda acostumbrada al PRI del gobierno federal y estatal, mas, si se toma en cuenta el p\u00e9simo papel que el partido tricolor est\u00e1 realizando.<\/span><br \/>\n<span style=\"font-weight: 400;\">Nadie est\u00e1 planteando que, el PRD como tal hoy est\u00e9 en condiciones de tener una candidatura propia para el 2018, no hay tal, no tiene tiempo ni propuestas, pero en Guerrero tiene la oportunidad, si sabe aprovecharla de encabezar este proceso electoral sin problemas, el PRD est\u00e1 renaciendo, depende de sus tribus, que hoy intentaron capitalizar la movilizaci\u00f3n para posicionarse, si dejan que el partido de fortalezca y vuelva a ser opci\u00f3n pol\u00edtica.<\/span><br \/>\n<span style=\"font-weight: 400;\">Aunque el tema de la sociedad civil podemos comentarlo por aparte, solo apuntar a los que insisten que esta lucha contra el gasolinazo y las reformas estructurales corresponde solo a la sociedad civil encabezarlas, hasta el momento ha quedado demostrado que, en Guerrero, no existe quien logre estructurar un movimiento desde la sociedad civil, sin el confort de un presupuesto gubernamental o universitario. Que hoy por hoy, ning\u00fan llamado aislado, sin el apoyo de alg\u00fan partido organizado, podr\u00eda realizar una marcha como la que el PRD realiz\u00f3.<\/span><br \/>\n<span style=\"font-weight: 400;\">Retomar la demanda social y la movilizaci\u00f3n parece ser la cura para el PRD, muchos militantes est\u00e1n esperando a que no vuelvan a caer en el sopor burocr\u00e1tico muy propio de los partidos de izquierda y se tiren de nuevo a los brazos del poder, muy propio de los chuchos que por ah\u00ed andan merodeando el PRD.<\/span><\/p>\n","protected":false},"excerpt":{"rendered":"<p>\u00bfCu\u00e1nto tiempo pas\u00f3?, a m\u00e1s de diez perredistas se les interrog\u00f3 para ver si recordaban cuando fue la \u00faltima vez que, hab\u00edan salido a la calle sin un motivo electoral;&hellip; <\/p>\n","protected":false},"author":1,"featured_media":0,"comment_status":"open","ping_status":"open","sticky":false,"template":"","format":"standard","meta":{"fifu_image_url":"","fifu_image_alt":"","footnotes":""},"categories":[16],"tags":[],"class_list":["post-1827","post","type-post","status-publish","format-standard","hentry","category-opinion"],"_links":{"self":[{"href":"https:\/\/www.interaccionnoticias.com.mx\/index.php?rest_route=\/wp\/v2\/posts\/1827","targetHints":{"allow":["GET"]}}],"collection":[{"href":"https:\/\/www.interaccionnoticias.com.mx\/index.php?rest_route=\/wp\/v2\/posts"}],"about":[{"href":"https:\/\/www.interaccionnoticias.com.mx\/index.php?rest_route=\/wp\/v2\/types\/post"}],"author":[{"embeddable":true,"href":"https:\/\/www.interaccionnoticias.com.mx\/index.php?rest_route=\/wp\/v2\/users\/1"}],"replies":[{"embeddable":true,"href":"https:\/\/www.interaccionnoticias.com.mx\/index.php?rest_route=%2Fwp%2Fv2%2Fcomments&post=1827"}],"version-history":[{"count":0,"href":"https:\/\/www.interaccionnoticias.com.mx\/index.php?rest_route=\/wp\/v2\/posts\/1827\/revisions"}],"wp:attachment":[{"href":"https:\/\/www.interaccionnoticias.com.mx\/index.php?rest_route=%2Fwp%2Fv2%2Fmedia&parent=1827"}],"wp:term":[{"taxonomy":"category","embeddable":true,"href":"https:\/\/www.interaccionnoticias.com.mx\/index.php?rest_route=%2Fwp%2Fv2%2Fcategories&post=1827"},{"taxonomy":"post_tag","embeddable":true,"href":"https:\/\/www.interaccionnoticias.com.mx\/index.php?rest_route=%2Fwp%2Fv2%2Ftags&post=1827"}],"curies":[{"name":"wp","href":"https:\/\/api.w.org\/{rel}","templated":true}]}}