{"id":1823,"date":"2017-02-06T19:15:16","date_gmt":"2017-02-07T01:15:16","guid":{"rendered":"http:\/\/www.inter-accion.com.mx\/?p=1823"},"modified":"2017-02-06T19:15:16","modified_gmt":"2017-02-07T01:15:16","slug":"de-milagro-viven-los-recolectores-de-basura-en-chilpancingo","status":"publish","type":"post","link":"https:\/\/www.interaccionnoticias.com.mx\/?p=1823","title":{"rendered":"\u201cDe milagro\u201d viven los recolectores de basura en Chilpancingo"},"content":{"rendered":"<p>Breve testimonio de un l\u00edder de \u00abLa basura jefa\u00bb&nbsp;<br \/>\n&nbsp;<br \/>\nSe les conoce como \u201cla basura jefa\u201d y son alrededor de 560 familias las que desde hace m\u00e1s de siete a\u00f1os dependen de su actividad, que consiste en recolectar todos los desechos que los camiones del ayuntamiento de Chilpancingo no pueden.<br \/>\nAunque siempre sostuvo que no hay en el colectivo un l\u00edder visible, Jaime Peral se convirti\u00f3 en la voz y el rostro de un movimiento que se desat\u00f3 desde la noche del 27 de enero, cuando el relleno sanitario de la ciudad fue clausurado y las 158 unidades que integran el sistema de recolecci\u00f3n independiente de basura se quedaron sin un espacio en donde descargar.&nbsp;&nbsp; &nbsp;&nbsp;&nbsp;<br \/>\nDurante cinco d\u00edas, los choferes, chalanes y pepenadores recorrieron las carreteras que llevan hacia Eduardo Neri, Mazatl\u00e1n, Buena Vista, Palo Blanco, buscaron la opci\u00f3n de la ciudad Industrial de Chilpancingo y finalmente consiguieron un espacio provisional en el punto conocido como \u201cLas Antenas\u201d, en un predio propiedad de la familia del alcalde Marco Antonio Leyva Mena, ubicado en la parte alta del sector oriente de la ciudad.<br \/>\nAh\u00ed se les considera como generadores de un foco de infecci\u00f3n, por la posici\u00f3n geogr\u00e1fica del tiradero provisional y por la existencia de mantos acu\u00edferos que abastecen a por lo menos 30n colonias del rumbo.<br \/>\nDon Jaime es un hombre robusto, de voz conciliatoria y expresi\u00f3n serena, que en los momentos de mayor tensi\u00f3n llam\u00f3 a sus compa\u00f1eros a no perder la fe, en varias ocasiones pidi\u00f3 que se le observara siempre con una expresi\u00f3n de optimismo en el rostro.<br \/>\nDialog\u00f3 con colonos inconformes, con polic\u00edas comunitarios que en varias ocasiones asumieron una postura conciliatoria y con funcionarios que no atinaban a emprender una acci\u00f3n concreta, la palabra que siempre le permiti\u00f3 mantenerse en la negociaci\u00f3n constante fue \u201crespeto\u201d.<br \/>\n\u201cNo pod\u00edamos hacer otra cosa, no nos quedaba hacer m\u00e1s que dialogar,&nbsp; tampoco pod\u00edamos caer en la provocaci\u00f3n de ir sobre el huacapa o buscar terrenos bald\u00edos, eso nos hubiera alejad de la poblaci\u00f3n\u201d.<br \/>\nLa actitud serena de don Jaime, fue lo que par\u00f3 el rumor de que los desechos ser\u00edan depositados en la plaza c\u00edvica, lo que se propag\u00f3 con fuerza en diferentes redes sociales.<br \/>\n\u201cNosotros sabemos que estos son focos de infecci\u00f3n (en referencia a las camionetas repletas de basura), que &nbsp;que podemos tener enfermedades en la piel, respiratorias, adquirir una bacteria, pero son situaciones en las que no tenemos alternativa\u201d.<br \/>\nPor eso, cuando se le pregunta como es que vive un recolector de basura y su familia, el hombre agranda los ojos y responde: \u201cpues de milagro\u201d.<br \/>\nDurante los d\u00edas de la crisis en la plaza central, algunos ciudadanos se acercaron para llevarles comida, el ayuntamiento tambi\u00e9n les otorg\u00f3 despensas y su colecta fue bien recibida.<br \/>\nEl mensaje que en su momento lanzaron a la sociedad fue concreto: \u201cNo queremos generar ning\u00fan mal, solo queremos llevar el sustento a nuestras familias, para que comamos aunque sea frijolitos\u201d.<br \/>\nA siete a\u00f1os de que \u201cla basura jefa\u201d se populariz\u00f3 en Chilpancingo, son m\u00e1s de 560 familias las que dependen de dicha actividad, entre permisionarios; choferes y pepenadores\u201d.<br \/>\nSe trabaja de manera particular, sin prestaciones, con un ingreso que va de los 200 a los 250 pesos diarios, del que tienen que tomar para pagar combustible y las reparaciones de sus unidades.<\/p>\n","protected":false},"excerpt":{"rendered":"<p>Breve testimonio de un l\u00edder de \u00abLa basura jefa\u00bb&nbsp; &nbsp; Se les conoce como \u201cla basura jefa\u201d y son alrededor de 560 familias las que desde hace m\u00e1s de siete&hellip; <\/p>\n","protected":false},"author":1,"featured_media":0,"comment_status":"open","ping_status":"open","sticky":false,"template":"","format":"standard","meta":{"fifu_image_url":"","fifu_image_alt":"","footnotes":""},"categories":[13,8],"tags":[],"class_list":["post-1823","post","type-post","status-publish","format-standard","hentry","category-capital","category-featured"],"_links":{"self":[{"href":"https:\/\/www.interaccionnoticias.com.mx\/index.php?rest_route=\/wp\/v2\/posts\/1823","targetHints":{"allow":["GET"]}}],"collection":[{"href":"https:\/\/www.interaccionnoticias.com.mx\/index.php?rest_route=\/wp\/v2\/posts"}],"about":[{"href":"https:\/\/www.interaccionnoticias.com.mx\/index.php?rest_route=\/wp\/v2\/types\/post"}],"author":[{"embeddable":true,"href":"https:\/\/www.interaccionnoticias.com.mx\/index.php?rest_route=\/wp\/v2\/users\/1"}],"replies":[{"embeddable":true,"href":"https:\/\/www.interaccionnoticias.com.mx\/index.php?rest_route=%2Fwp%2Fv2%2Fcomments&post=1823"}],"version-history":[{"count":0,"href":"https:\/\/www.interaccionnoticias.com.mx\/index.php?rest_route=\/wp\/v2\/posts\/1823\/revisions"}],"wp:attachment":[{"href":"https:\/\/www.interaccionnoticias.com.mx\/index.php?rest_route=%2Fwp%2Fv2%2Fmedia&parent=1823"}],"wp:term":[{"taxonomy":"category","embeddable":true,"href":"https:\/\/www.interaccionnoticias.com.mx\/index.php?rest_route=%2Fwp%2Fv2%2Fcategories&post=1823"},{"taxonomy":"post_tag","embeddable":true,"href":"https:\/\/www.interaccionnoticias.com.mx\/index.php?rest_route=%2Fwp%2Fv2%2Ftags&post=1823"}],"curies":[{"name":"wp","href":"https:\/\/api.w.org\/{rel}","templated":true}]}}