{"id":1813,"date":"2017-02-06T17:59:12","date_gmt":"2017-02-06T23:59:12","guid":{"rendered":"http:\/\/www.inter-accion.com.mx\/?p=1813"},"modified":"2017-02-06T17:59:12","modified_gmt":"2017-02-06T23:59:12","slug":"cae-en-desgracia-compadre-de-el-tequilero","status":"publish","type":"post","link":"https:\/\/www.interaccionnoticias.com.mx\/?p=1813","title":{"rendered":"Cae en desgracia, compadre de \u201cEl Tequilero\u201d"},"content":{"rendered":"<ul>\n<li style=\"font-weight: 400;\"><span style=\"font-weight: 400;\">Inicia el Congreso juicio de Procedencia contra el diputado Sa\u00fal Beltr\u00e1n Orozco, sobre quien pesa una orden de aprehensi\u00f3n<\/span><\/li>\n<\/ul>\n<p>&nbsp;<br \/>\n<span style=\"font-weight: 400;\">No lo dicen abiertamente, pero en los hechos sus compa\u00f1eros de bancada en el Congreso local ya lo aislaron, la dirigencia estatal del PRI se alista para desconocerlo como militante, la Fiscal\u00eda General de Justicia (FGJ) solicit\u00f3 el desafuero y sobre sus espaldas pesa una orden de aprehensi\u00f3n, nada menos que por el delito de homicidio.<\/span><br \/>\n<span style=\"font-weight: 400;\">Sa\u00fal Beltr\u00e1n Abarca, ex alcalde de San Miguel Totolapan de 2012 a 2015, diputado por el distrito electoral local n\u00famero 17, es en estos momentos, el pol\u00edtico con la imagen p\u00fablica m\u00e1s deteriorada en la entidad.<\/span><br \/>\n<span style=\"font-weight: 400;\">Durante las primeras semanas de 2017, Beltr\u00e1n Orozco se convirti\u00f3 en un representante popular inc\u00f3modo, con el que sus compa\u00f1eros de partido y legislatura prefieren guardar distancia.<\/span><br \/>\n<span style=\"font-weight: 400;\">No es para menos, desde finales de 2016, su relaci\u00f3n de compadrazgo con Raybel Jacobo Dealmonte qued\u00f3 expuesta en forma irrefutable, a partir del reportaje presentado en televisi\u00f3n nacional por el reportero Raymundo P\u00e9rez Arellano, quien demostr\u00f3 con documentos lo que se manejaba solo en el nivel del rumor. &nbsp;&nbsp;<\/span><br \/>\n<span style=\"font-weight: 400;\">H\u00e1bil, Beltr\u00e1n Orozco no pudo negar el v\u00ednculo pero busc\u00f3 un argumento que le permitiera salir al paso, aunque solamente lo consigui\u00f3 durante algunos d\u00edas.<\/span><br \/>\n<span style=\"font-weight: 400;\">\u201cYo apadrin\u00e9 a una madre soltera, el padre pudo ser cualquiera; yo ni siquiera sab\u00eda que el amigo ese se llamaba Raybel\u201d, dijo a los comunicadores que lo cuestionaron sobre el tema.<\/span><br \/>\n<span style=\"font-weight: 400;\">Incluso lleg\u00f3 a plantear un reproche ante la insistencia de los reporteros de la fuente legislativa: \u201cSi a veces resulta dif\u00edcil controlar a los hijos, ustedes pretenden que uno meta en orden a un compadre\u201d.<\/span><br \/>\n<span style=\"font-weight: 400;\">El v\u00ednculo entre el diputado y el l\u00edder de la banda de \u201cLos Tequileros\u201d qued\u00f3 expuesto entre otras cosas, por una boleta de bautizo emitida el 28 de abril de 2011 en la parroquia de San Miguel Totolapan, el sacerdote que ofici\u00f3 el acto sacramental fue Jos\u00e9 Ascensi\u00f3n Acu\u00f1a, asesinado el 23 de septiembre de 2014, en las inmediaciones de Santa Cruz Las Tinajas, municipio de San Miguel.<\/span><br \/>\n<span style=\"font-weight: 400;\">Es por la presunta autor\u00eda intelectual en ese crimen, que una juez local le gir\u00f3 una orden de aprehensi\u00f3n, misma que deriv\u00f3 en la presentaci\u00f3n de un juicio de procedencia por parte de la Fiscal\u00eda General del Estado (FGE), a cargo del abogado Javier Olea Pel\u00e1ez.<\/span><br \/>\n<span style=\"font-weight: 400;\"> &nbsp;&nbsp;<\/span><br \/>\n<span style=\"font-weight: 400;\">Del juicio de procedencia<\/span><br \/>\n&nbsp;<br \/>\n<span style=\"font-weight: 400;\">La tarde del mi\u00e9rcoles 1 de abril, la FGE <\/span><span style=\"font-weight: 400;\">solicit\u00f3 al Congreso local el inicie de&nbsp;un Juico de Procedencia en contra del diputado Beltr\u00e1n Orozco.<\/span><br \/>\n<span style=\"font-weight: 400;\">V\u00eda comunicado, la FGE confirm\u00f3 que alrededor de las 15:40 horas, dicha dependencia present\u00f3 la solicitud en la Oficial\u00eda Mayor del Poder Legislativo de Guerrero.<\/span><br \/>\n<span style=\"font-weight: 400;\">En el texto, se anota que el titular de la FGE, Xavier Olea Pel\u00e1ez firm\u00f3 la solicitud de referencia y manifest\u00f3 que estar\u00e1 pendiente del desahogo que dar\u00e1n los representantes populares al procedimiento legislativo correspondiente.<\/span><br \/>\n<span style=\"font-weight: 400;\">Antes de presentar el escrito, <\/span><span style=\"font-weight: 400;\">el titular de la FGJ consider\u00f3 que el juez que emiti\u00f3 la orden de aprehensi\u00f3n contra el representante popular incurri\u00f3 en un error,&nbsp;pues antes de librar dicho mandato, el Ministerio P\u00fablico debi\u00f3 solicitar la declaratoria de Procedencia al Congreso local.<\/span><br \/>\n<span style=\"font-weight: 400;\">De esa manera, al contar con el mandato judicial, el diputado Beltr\u00e1n ya no tendr\u00eda fuero constitucional.&nbsp;<\/span><br \/>\n<span style=\"font-weight: 400;\">Explic\u00f3: <\/span><span style=\"font-weight: 400;\">\u00abEl ministerio p\u00fablico consign\u00f3 la averiguaci\u00f3n previa y la juez libr\u00f3 una orden de aprehensi\u00f3n, pero repito; debido al fuero constitucional del diputado yo no pod\u00eda ejecutar la orden de aprehensi\u00f3n\u00bb.<\/span><br \/>\n<span style=\"font-weight: 400;\">En la residencia oficial Casa Guerrero, Olea sostuvo que el diputado est\u00e1 \u00abperfectamente bien ubicado\u00bb, de tal suerte que descart\u00f3 la posibilidad de que se pueda evadir.<\/span><br \/>\n&nbsp;<br \/>\n<span style=\"font-weight: 400;\">No piensa dejar el cargo<\/span><br \/>\n&nbsp;<br \/>\n<span style=\"font-weight: 400;\">\u00abDesconozco\u00bb, ataj\u00f3 Sa\u00fal Beltr\u00e1n al ser cuestionado sobre la existencia de una orden de aprehensi\u00f3n en su contra, derivada de la presunta autor\u00eda intelectual en el asesinato del p\u00e1rroco Jos\u00e9 Asunci\u00f3n Acu\u00f1a.<\/span><br \/>\n<span style=\"font-weight: 400;\">En las instalaciones del Congreso de Guerrero, el legislador reconoci\u00f3 que est\u00e1 enterado de la informaci\u00f3n que se ha dado a conocer en los medios de comunicaci\u00f3n nacional, a partir de su presunta vinculaci\u00f3n con grupos del crimen organizado, pero sobre todo de ordenar el crimen cometido contra el sacerdote de la iglesia cat\u00f3lica.<\/span><br \/>\n<span style=\"font-weight: 400;\">Descart\u00f3 que vaya a pedir licencia para separarse de la curul que ocupa en el Poder Legislativo de Guerrero, en donde representa al distrito electoral local n\u00famero XVII, correspondiente a los municipios de Ajuchitl\u00e1n del Progreso, San Miguel Totolapan y Zir\u00e1ndaro.<\/span><br \/>\n<span style=\"font-weight: 400;\">Tambi\u00e9n dijo que no ha considerado la posibilidad de solicitar un amparo, para evitar que se haga efectiva la orden de aprehensi\u00f3n que un juez penal gir\u00f3 en su contra.<\/span><br \/>\n<span style=\"font-weight: 400;\">El pri\u00edsta debi\u00f3 abrirse paso dando empellones a los reporteros para introducirse a la sala de plenos del Congreso, solo de esa manera consigui\u00f3 eludir los cuestionamientos.<\/span><br \/>\n&nbsp;<br \/>\n<span style=\"font-weight: 400;\">Sus compa\u00f1eros no lo van a defender<\/span><br \/>\n&nbsp;<br \/>\n<span style=\"font-weight: 400;\">La presidenta de la Junta de Coordinaci\u00f3n Pol\u00edtica del Congreso local, Flor A\u00f1orve Ocampo anticip\u00f3 que ella y sus compa\u00f1eros de la fracci\u00f3n parlamentaria del PRI no van a defender a su compa\u00f1ero Beltr\u00e1n Orozco.<\/span><br \/>\n<span style=\"font-weight: 400;\">A\u00f1orve Ocampo manifest\u00f3 que hasta la semana pasada desconoc\u00eda lo que sucede en el caso del diputado Beltr\u00e1n Orozco, particularmente por la existencia de una orden de aprehensi\u00f3n.<\/span><br \/>\n<span style=\"font-weight: 400;\">Coment\u00f3 que al proceder de regiones distantes, los legisladores desconocen a plenitud la historia y los antecedentes de sus compa\u00f1eros, de ah\u00ed que no tenga muchas referencias sobre los problemas legales del tambi\u00e9n ex alcalde de San Miguel Totolapan.<\/span><br \/>\n<span style=\"font-weight: 400;\">Sin embargo, al confirmarse la existencia de un mandato legal requerido por una juez, la tambi\u00e9n coordinadora de la fracci\u00f3n parlamentaria del PRI manifest\u00f3 que la FGE es la instancia encargada de solicitar un juicio de procedencia, para dejar al representante popular sin fuero constitucional, listo para que se le investigue como a cualquier ciudadano.<\/span><br \/>\n<span style=\"font-weight: 400;\">\u201cTengo entendido que la Fiscal\u00eda ya se pronunci\u00f3 al respecto, ya dijo que proseguir\u00e1 el procedimiento legal, aunque hasta el momento\u201d, apunt\u00f3.&nbsp;&nbsp;&nbsp;<\/span><br \/>\n<span style=\"font-weight: 400;\">Respecto a la posibilidad de sugerir a Beltr\u00e1n Orozco que solicite licencia para separarse del cargo, A\u00f1orve Ocampo record\u00f3 que el Congreso no es una instancia que investigue los delitos, por lo que nadie puede asegurar que sea culpable o inocente.<\/span><br \/>\n<span style=\"font-weight: 400;\">Adem\u00e1s, record\u00f3 que una licencia no deja al representante popular sin fuero, por lo que deben esperarse al desahogo del Juicio de Procedencia.<\/span><br \/>\n<span style=\"font-weight: 400;\">En caso de que el indiciado sea responsable, quedar\u00e1 completamente separado del cargo.&nbsp;<\/span><br \/>\n<span style=\"font-weight: 400;\">Como Sa\u00fal Beltr\u00e1n es presidente de la Comisi\u00f3n de Examen Previo, dijo que deber\u00e1 excusarse de asunto, tal y como establece la Ley Org\u00e1nica, para no incurrir en el conflicto de intereses.<\/span><br \/>\n<span style=\"font-weight: 400;\">Anticip\u00f3 que el PRI como fracci\u00f3n mayoritaria en el Congreso local, no impedir\u00e1 que el procedimiento que solicite la FGE: \u201cNosotros en Guerrero hemos vivido situaciones muy complicadas, ya lo vivimos con el alcalde de Cocula (Erick Ulises Ram\u00edrez Crespo) y el de Iguala (Jos\u00e9 Luis Abarca Vel\u00e1zquez), en esos casos hemos estado abiertos y actuando; independientemente del partido al que pertenezca\u201d.<\/span><br \/>\n<span style=\"font-weight: 400;\">Enfatiz\u00f3: \u201cNosotros no seremos c\u00f3mplices de esta situaci\u00f3n; estamos esperando a que nos manden las pruebas, porque hasta el momento tenemos solo comentarios\u201d.<\/span><br \/>\n&nbsp;<br \/>\n<span style=\"font-weight: 400;\">Ser\u00eda expusado del PRI<\/span><br \/>\n<span style=\"font-weight: 400;\">&nbsp;<\/span><br \/>\n<span style=\"font-weight: 400;\">El dirigente estatal del PRI, Heriberto Huicochea V\u00e1zquez anticip\u00f3 que en caso de ser sentenciado por la presunta autor\u00eda intelectual en el asesinato de un sacerdote, el diputado Beltr\u00e1n Orozco ser\u00e1 expulsado de las filas de dicho instituto pol\u00edtico.<\/span><br \/>\n<span style=\"font-weight: 400;\">Huicochea V\u00e1zquez aclar\u00f3 los pri\u00edstas no asumir\u00e1n una actitud inquisitoria contra el todav\u00eda integrante de su fracci\u00f3n parlamentaria en el Congreso local, pero tambi\u00e9n sostuvo que no se tolerar\u00e1 ninguna actuaci\u00f3n que se coloque al margen de la ley.<\/span><br \/>\n<span style=\"font-weight: 400;\">En todo caso, indic\u00f3 que una vez que se ha solicitado el inicio de un Juicio de Procedencia contra el representante popular, la dirigencia del partido solicitar\u00e1 que la Comisi\u00f3n de Honor y Justicia le d\u00e9 seguimiento al caso, para que una vez que exista una resoluci\u00f3n, dicha comisi\u00f3n partidista resuelva la probable expulsi\u00f3n del tambi\u00e9n ex alcalde de San Miguel Totoapan.<\/span><br \/>\n<span style=\"font-weight: 400;\">\u201cNosotros no vamos a defender a nadie que infrinja la ley, aunque vamos a esperar a que las instancias resuelvan que es lo que sucede, porque el diputado tambi\u00e9n tienen derecho a defenderse\u201d, anot\u00f3.<\/span><br \/>\n<span style=\"font-weight: 400;\">Lo que s\u00ed adelant\u00f3, es que Beltran Orozco ya no ser\u00e1 tomado en cuenta como militante activo por parte del Comit\u00e9 Directivo Estatal (CDE), que tambi\u00e9n estar\u00e1 pendiente de lo que las instancias legales resuelvan.<\/span><br \/>\n<span style=\"font-weight: 400;\">El actual presidente del CDE, anticip\u00f3 que como instituto pol\u00edtico, el PRI se mantendr\u00e1 en una postura imparcial, de tal suerte que no incurrir\u00e1 en ninguna situaci\u00f3n que represente la posibilidad de influir en el trabajo de las instituciones encargadas de administrar justicia.<\/span><br \/>\n&nbsp;<br \/>\n<span style=\"font-weight: 400;\">Y sostuvo que la sociedad tendr\u00e1 la oportunidad de confirmar que en el tricolor existe la determinaci\u00f3n de respetar el trabajo de las instituciones, principalmente de contribuir en la aplicaci\u00f3n de la ley.<\/span><br \/>\n&nbsp;<\/p>\n","protected":false},"excerpt":{"rendered":"<p>Inicia el Congreso juicio de Procedencia contra el diputado Sa\u00fal Beltr\u00e1n Orozco, sobre quien pesa una orden de aprehensi\u00f3n &nbsp; No lo dicen abiertamente, pero en los hechos sus compa\u00f1eros&hellip; <\/p>\n","protected":false},"author":1,"featured_media":0,"comment_status":"open","ping_status":"open","sticky":false,"template":"","format":"standard","meta":{"fifu_image_url":"","fifu_image_alt":"","footnotes":""},"categories":[2,8],"tags":[],"class_list":["post-1813","post","type-post","status-publish","format-standard","hentry","category-congreso","category-featured"],"_links":{"self":[{"href":"https:\/\/www.interaccionnoticias.com.mx\/index.php?rest_route=\/wp\/v2\/posts\/1813","targetHints":{"allow":["GET"]}}],"collection":[{"href":"https:\/\/www.interaccionnoticias.com.mx\/index.php?rest_route=\/wp\/v2\/posts"}],"about":[{"href":"https:\/\/www.interaccionnoticias.com.mx\/index.php?rest_route=\/wp\/v2\/types\/post"}],"author":[{"embeddable":true,"href":"https:\/\/www.interaccionnoticias.com.mx\/index.php?rest_route=\/wp\/v2\/users\/1"}],"replies":[{"embeddable":true,"href":"https:\/\/www.interaccionnoticias.com.mx\/index.php?rest_route=%2Fwp%2Fv2%2Fcomments&post=1813"}],"version-history":[{"count":0,"href":"https:\/\/www.interaccionnoticias.com.mx\/index.php?rest_route=\/wp\/v2\/posts\/1813\/revisions"}],"wp:attachment":[{"href":"https:\/\/www.interaccionnoticias.com.mx\/index.php?rest_route=%2Fwp%2Fv2%2Fmedia&parent=1813"}],"wp:term":[{"taxonomy":"category","embeddable":true,"href":"https:\/\/www.interaccionnoticias.com.mx\/index.php?rest_route=%2Fwp%2Fv2%2Fcategories&post=1813"},{"taxonomy":"post_tag","embeddable":true,"href":"https:\/\/www.interaccionnoticias.com.mx\/index.php?rest_route=%2Fwp%2Fv2%2Ftags&post=1813"}],"curies":[{"name":"wp","href":"https:\/\/api.w.org\/{rel}","templated":true}]}}