{"id":1763,"date":"2017-02-06T14:03:29","date_gmt":"2017-02-06T20:03:29","guid":{"rendered":"http:\/\/www.inter-accion.com.mx\/?p=1763"},"modified":"2017-02-06T14:03:29","modified_gmt":"2017-02-06T20:03:29","slug":"detienen-a-cinco-secuestradores-y-encuentran-dos-cadaveres-en-buena-vista-de-cuellar","status":"publish","type":"post","link":"https:\/\/www.interaccionnoticias.com.mx\/?p=1763","title":{"rendered":"Detienen a cinco secuestradores y encuentran dos cad\u00e1veres, en Buena Vista de Cuellar"},"content":{"rendered":"<p>* Un ex secretario de Seguridad P\u00fablica municipal, entre las v\u00edctimas<br \/>\n* Entre los detenidos hay dos mujeres<br \/>\n&nbsp;<br \/>\nEl Vocero del Grupo de Coordinaci\u00f3n Guerrero (GCG), Roberto \u00c1lvarez Heredia, inform\u00f3 que en el municipio de Buenavista de Cu\u00e9llar, en la Regi\u00f3n Norte de Guerrero, la Fiscal\u00eda Antisecuestros encontr\u00f3 2 cad\u00e1veres y detuvo a cinco presuntos delincuentes.<br \/>\nEl hallazgo de los muertos y la captura de los supuestos delincuentes &nbsp;se conaigui\u00f3 tras un operativo conjunto entre agentes de la Polic\u00eda Ministeria y del Estado.<br \/>\nV\u00eda comunicado, Alvarez Heredia explic\u00f3 que uno de los dos cuerpos estaba en una casa de seguridad, en el punto conocido como Pozos de Agua de Tlama, de la poblaci\u00f3n Coxcatl\u00e1n.<br \/>\nPor la informaci\u00f3n obtenida, se desprende que el cuerpo al ser\u00eda de Ra\u00fal N N, ex director de Seguridad P\u00fablica de ese municipio.<br \/>\nEl ex funcionario fue secuestrado el 1 de febrero.<br \/>\nEl &nbsp;operativo se realiz\u00f3 las ma\u00f1ana del lunes, en \u00e9l, la Fiscal\u00eda Antisecuestros detuvo a 5 personas, entre ellas dos mujeres.<br \/>\nLos cad\u00e1veres fueron llevados al Servicio M\u00e9dico Forense (SEMEFO, o para que se les practiquen las diligencias correspondientes)<\/p>\n","protected":false},"excerpt":{"rendered":"<p>* Un ex secretario de Seguridad P\u00fablica municipal, entre las v\u00edctimas * Entre los detenidos hay dos mujeres &nbsp; El Vocero del Grupo de Coordinaci\u00f3n Guerrero (GCG), Roberto \u00c1lvarez Heredia,&hellip; <\/p>\n","protected":false},"author":1,"featured_media":0,"comment_status":"open","ping_status":"open","sticky":false,"template":"","format":"standard","meta":{"fifu_image_url":"","fifu_image_alt":"","footnotes":""},"categories":[8,27],"tags":[],"class_list":["post-1763","post","type-post","status-publish","format-standard","hentry","category-featured","category-seguridad-publica"],"_links":{"self":[{"href":"https:\/\/www.interaccionnoticias.com.mx\/index.php?rest_route=\/wp\/v2\/posts\/1763","targetHints":{"allow":["GET"]}}],"collection":[{"href":"https:\/\/www.interaccionnoticias.com.mx\/index.php?rest_route=\/wp\/v2\/posts"}],"about":[{"href":"https:\/\/www.interaccionnoticias.com.mx\/index.php?rest_route=\/wp\/v2\/types\/post"}],"author":[{"embeddable":true,"href":"https:\/\/www.interaccionnoticias.com.mx\/index.php?rest_route=\/wp\/v2\/users\/1"}],"replies":[{"embeddable":true,"href":"https:\/\/www.interaccionnoticias.com.mx\/index.php?rest_route=%2Fwp%2Fv2%2Fcomments&post=1763"}],"version-history":[{"count":0,"href":"https:\/\/www.interaccionnoticias.com.mx\/index.php?rest_route=\/wp\/v2\/posts\/1763\/revisions"}],"wp:attachment":[{"href":"https:\/\/www.interaccionnoticias.com.mx\/index.php?rest_route=%2Fwp%2Fv2%2Fmedia&parent=1763"}],"wp:term":[{"taxonomy":"category","embeddable":true,"href":"https:\/\/www.interaccionnoticias.com.mx\/index.php?rest_route=%2Fwp%2Fv2%2Fcategories&post=1763"},{"taxonomy":"post_tag","embeddable":true,"href":"https:\/\/www.interaccionnoticias.com.mx\/index.php?rest_route=%2Fwp%2Fv2%2Ftags&post=1763"}],"curies":[{"name":"wp","href":"https:\/\/api.w.org\/{rel}","templated":true}]}}