{"id":1755,"date":"2017-02-05T22:55:42","date_gmt":"2017-02-06T04:55:42","guid":{"rendered":"http:\/\/www.inter-accion.com.mx\/?p=1755"},"modified":"2017-02-05T22:55:42","modified_gmt":"2017-02-06T04:55:42","slug":"llama-ricardo-mejia-berdeja-a-las-fuerzas-progresistas-a-revertir-las-reformas-estructurales","status":"publish","type":"post","link":"https:\/\/www.interaccionnoticias.com.mx\/?p=1755","title":{"rendered":"Llama Ricardo Mej\u00eda Berdeja a las fuerzas progresistas a revertir las reformas estructurales"},"content":{"rendered":"<p class=\"m_8540291568177569790m_-4511501633473271701gmail-Cuerpo\"><span class=\"m_8540291568177569790m_-4511501633473271701gmail-Ninguno\"><span lang=\"ES-TRAD\">*M\u00e9xico, en grave vulnerabilidad ante el nuevo panorama internacional.<\/span><\/span><\/p>\n<p class=\"m_8540291568177569790m_-4511501633473271701gmail-Cuerpo\"><span class=\"m_8540291568177569790m_-4511501633473271701gmail-Ninguno\"><span lang=\"ES-TRAD\">*La reforma energ\u00e9tica puso en manos extranjeras la riqueza del pa\u00ed<\/span><\/span><span class=\"m_8540291568177569790m_-4511501633473271701gmail-Ninguno\"><span lang=\"PT\">s.<\/span><\/span><\/p>\n<div>\n<div class=\"m_8540291568177569790m_-4511501633473271701gmail_signature\">\n<div dir=\"ltr\">\n<div><span style=\"color: #999999;\"><b>&nbsp;<\/b><\/span><\/div>\n<div>\n<b>Chilpancingo, Guerrero a 5 de febrero de 2017.-<\/b><span style=\"font-weight: 400;\"> El Coordinador de los diputados de Movimiento Ciudadano en el Congreso local, Ricardo Mej\u00eda &nbsp;Berdeja dijo que no hay mucho que celebrar en el centenario de la Constituci\u00f3n porque el grupo gobernante actual pr\u00e1cticamente ha sepultado los contenidos mas relevantes de la Constituci\u00f3n de 1917.<\/span><\/p>\n<p class=\"m_8540291568177569790m_-4511501633473271701gmail-Cuerpo\">&nbsp;<\/p>\n<p><span style=\"font-weight: 400;\">Las reformas estructurales impulsadas en este sexenio por el gobierno del Presidente Enrique Pe\u00f1a Nieto y el Pacto por M\u00e9xico modificaron y desfiguraron el rostro de la Constituci\u00f3n Pol\u00edtica de 1917 y representan una contrarreforma conservadora que \u201cha resultado un rotundo fracaso\u201d, calific\u00f3 el diputado.<\/span><\/p>\n<p class=\"m_8540291568177569790m_-4511501633473271701gmail-Cuerpo\">&nbsp;<\/p>\n<p><span style=\"font-weight: 400;\">Prometieron un para\u00edso para el pa\u00eds, altas tasas de crecimiento econ\u00f3mico y la creaci\u00f3n de millones de empleos, sin embargo todo esto fue falso y el pa\u00eds enfrenta una enorme crisis econ\u00f3mica, pol\u00edtica y social critic\u00f3 Ricardo Mej\u00eda; estas reformas, dijo, no solo han constituido una traici\u00f3n a la patria sino que debilitan enormemente la posici\u00f3n geopol\u00edtica de nuestro pa\u00eds en un contexto de amenazas, como es el que hoy se vive con las pol\u00edticas del presidente de Estados Unidos Donald Trump .<\/span><\/p>\n<p class=\"m_8540291568177569790m_-4511501633473271701gmail-Cuerpo\">&nbsp;<\/p>\n<p><span style=\"font-weight: 400;\">Ricardo Mej\u00eda Berdeja sostuvo que urge se reviertan las <\/span><i><span style=\"font-weight: 400;\">reformas estructurales<\/span><\/i><span style=\"font-weight: 400;\">, \u201cestos cambios que desfiguraron a la Constituci\u00f3n de 1917. Esta miop\u00eda, esta traici\u00f3n a la patria esta resultando muy grave para los mexicanos porque en este contexto internacional, M\u00e9xico, &nbsp;pr\u00e1cticamente se quedo sin las herramientas necesarias para impulsar un desarrollo propio y en una alt\u00edsima vulnerabilidad\u201d. <\/span><\/p>\n<p class=\"m_8540291568177569790m_-4511501633473271701gmail-Cuerpo\">&nbsp;<\/p>\n<p><span style=\"font-weight: 400;\">Al mismo tiempo con estas reformas, particularmente la reforma energ\u00e9tica que modific\u00f3 los art\u00edculos 25, 27 y 28 de la Constituci\u00f3n Pol\u00edtica de la Rep\u00fablica, \u201cpr\u00e1cticamente se pone en manos de empresas extranjeras las principal riqueza del pa\u00eds que son nuestros recursos energ\u00e9ticos\u201d critic\u00f3.<\/span><\/p>\n<p class=\"m_8540291568177569790m_-4511501633473271701gmail-Cuerpo\">&nbsp;<\/p>\n<p><span style=\"font-weight: 400;\">Se requiere, se\u00f1al\u00f3 Mej\u00eda Berdeja, impulsar un nuevo modelo de desarrollo econ\u00f3mico, pol\u00edtico y social en el pa\u00eds que responda los desaf\u00edos que tiene la naci\u00f3n, pero tambi\u00e9n a la nueva din\u00e1mica internacional. Por \u00faltimo, hizo un llamado a las fuerzas progresistas, \u00abdebemos dar la batalla para revertir estas reformas neoliberales entreguistas\u00bb.<\/span>\n<\/div>\n<\/div>\n<\/div>\n<\/div>\n","protected":false},"excerpt":{"rendered":"<p>*M\u00e9xico, en grave vulnerabilidad ante el nuevo panorama internacional. *La reforma energ\u00e9tica puso en manos extranjeras la riqueza del pa\u00eds. &nbsp; Chilpancingo, Guerrero a 5 de febrero de 2017.- El&hellip; <\/p>\n","protected":false},"author":1,"featured_media":0,"comment_status":"open","ping_status":"open","sticky":false,"template":"","format":"standard","meta":{"fifu_image_url":"","fifu_image_alt":"","footnotes":""},"categories":[2,8],"tags":[],"class_list":["post-1755","post","type-post","status-publish","format-standard","hentry","category-congreso","category-featured"],"_links":{"self":[{"href":"https:\/\/www.interaccionnoticias.com.mx\/index.php?rest_route=\/wp\/v2\/posts\/1755","targetHints":{"allow":["GET"]}}],"collection":[{"href":"https:\/\/www.interaccionnoticias.com.mx\/index.php?rest_route=\/wp\/v2\/posts"}],"about":[{"href":"https:\/\/www.interaccionnoticias.com.mx\/index.php?rest_route=\/wp\/v2\/types\/post"}],"author":[{"embeddable":true,"href":"https:\/\/www.interaccionnoticias.com.mx\/index.php?rest_route=\/wp\/v2\/users\/1"}],"replies":[{"embeddable":true,"href":"https:\/\/www.interaccionnoticias.com.mx\/index.php?rest_route=%2Fwp%2Fv2%2Fcomments&post=1755"}],"version-history":[{"count":0,"href":"https:\/\/www.interaccionnoticias.com.mx\/index.php?rest_route=\/wp\/v2\/posts\/1755\/revisions"}],"wp:attachment":[{"href":"https:\/\/www.interaccionnoticias.com.mx\/index.php?rest_route=%2Fwp%2Fv2%2Fmedia&parent=1755"}],"wp:term":[{"taxonomy":"category","embeddable":true,"href":"https:\/\/www.interaccionnoticias.com.mx\/index.php?rest_route=%2Fwp%2Fv2%2Fcategories&post=1755"},{"taxonomy":"post_tag","embeddable":true,"href":"https:\/\/www.interaccionnoticias.com.mx\/index.php?rest_route=%2Fwp%2Fv2%2Ftags&post=1755"}],"curies":[{"name":"wp","href":"https:\/\/api.w.org\/{rel}","templated":true}]}}