{"id":1747,"date":"2017-02-04T21:17:14","date_gmt":"2017-02-05T03:17:14","guid":{"rendered":"http:\/\/www.inter-accion.com.mx\/?p=1747"},"modified":"2017-02-04T21:17:14","modified_gmt":"2017-02-05T03:17:14","slug":"gobernador-de-guerrero-a-favor-de-que-desaparezca-el-fuero-constitucional","status":"publish","type":"post","link":"https:\/\/www.interaccionnoticias.com.mx\/?p=1747","title":{"rendered":"Gobernador de Guerrero, a favor de que desaparezca el fuero constitucional"},"content":{"rendered":"<p>El gobernador de Guerrero, H\u00e9ctor Astudillo Flores se pronunci\u00f3 a favor de la desaparici\u00f3n del fuero constitucional, como lo plantean los diputados del PRD y Movimiento Ciudadano (MC) en el Congreso local.<br \/>\nLa jornada legislativa del mi\u00e9rcoles 2 de febrero, en periodo extraordinario de sesiones, el Pleno del Congreso local recibi\u00f3 la iniciativa de Ley Anticorrupci\u00f3n que envi\u00f3 el jefe del Poder Ejecutivo local, por lo que el asunto qued\u00f3 de primera lectura, lista para dictaminarse la pr\u00f3xima semana.<br \/>\nEl viernes 4, los diputados del PRD y del MC convocaron a una conferencia de prensa para dar a conocer una postura respecto a dicha iniciativa.<br \/>\nRicardo Mej\u00eda Berdeja, coordinador del MC, su compa\u00f1ero Silvano Blanco Deaquino y Sebasti\u00e1n de la Rosa Pel\u00e1ez, integrante de la fracci\u00f3n parlamentaria del PRD, anticiparon que votar\u00e1n a favor de la iniciativa enviada por el ejecutivo local, siempre y cuando se incluya un apartado en el que desaparezca el fuero constitucional para alcaldes, s\u00edndicos, regidores, diputados locales y el propio gobernador.<br \/>\nLos diputados de los partidos amarillo y naranja, se\u00f1alaron que sus hom\u00f3logos del PRI y del PVEM se resisten a dar cauce a la desaparici\u00f3n del fuero, por lo que condicionaron el voto, con la certeza de que sin el consenso necesario, la reforma del gobierno estatal no alcanzar\u00e1 la mayor\u00eda calificada que se necesita.<br \/>\nCuestionado respecto a la postura de los representantes populares emanados de la izquierda, el mandatario estatal indic\u00f3 dicha propuesta no le resulta fuera de lugar, lejos de eso, la respalda.<br \/>\n\u201cYo tambi\u00e9n pugn\u00e9 por ese planteamiento desde que se reform\u00f3 la Constituci\u00f3n (local), es un asunto que seguramente tendr\u00e1 que discutir el propio Congreso del Estado\u201d, anot\u00f3.<\/p>\n","protected":false},"excerpt":{"rendered":"<p>El gobernador de Guerrero, H\u00e9ctor Astudillo Flores se pronunci\u00f3 a favor de la desaparici\u00f3n del fuero constitucional, como lo plantean los diputados del PRD y Movimiento Ciudadano (MC) en el&hellip; <\/p>\n","protected":false},"author":1,"featured_media":0,"comment_status":"open","ping_status":"open","sticky":false,"template":"","format":"standard","meta":{"fifu_image_url":"","fifu_image_alt":"","footnotes":""},"categories":[8,11],"tags":[],"class_list":["post-1747","post","type-post","status-publish","format-standard","hentry","category-featured","category-guerrero"],"_links":{"self":[{"href":"https:\/\/www.interaccionnoticias.com.mx\/index.php?rest_route=\/wp\/v2\/posts\/1747","targetHints":{"allow":["GET"]}}],"collection":[{"href":"https:\/\/www.interaccionnoticias.com.mx\/index.php?rest_route=\/wp\/v2\/posts"}],"about":[{"href":"https:\/\/www.interaccionnoticias.com.mx\/index.php?rest_route=\/wp\/v2\/types\/post"}],"author":[{"embeddable":true,"href":"https:\/\/www.interaccionnoticias.com.mx\/index.php?rest_route=\/wp\/v2\/users\/1"}],"replies":[{"embeddable":true,"href":"https:\/\/www.interaccionnoticias.com.mx\/index.php?rest_route=%2Fwp%2Fv2%2Fcomments&post=1747"}],"version-history":[{"count":0,"href":"https:\/\/www.interaccionnoticias.com.mx\/index.php?rest_route=\/wp\/v2\/posts\/1747\/revisions"}],"wp:attachment":[{"href":"https:\/\/www.interaccionnoticias.com.mx\/index.php?rest_route=%2Fwp%2Fv2%2Fmedia&parent=1747"}],"wp:term":[{"taxonomy":"category","embeddable":true,"href":"https:\/\/www.interaccionnoticias.com.mx\/index.php?rest_route=%2Fwp%2Fv2%2Fcategories&post=1747"},{"taxonomy":"post_tag","embeddable":true,"href":"https:\/\/www.interaccionnoticias.com.mx\/index.php?rest_route=%2Fwp%2Fv2%2Ftags&post=1747"}],"curies":[{"name":"wp","href":"https:\/\/api.w.org\/{rel}","templated":true}]}}