{"id":1730,"date":"2017-02-03T18:24:53","date_gmt":"2017-02-04T00:24:53","guid":{"rendered":"http:\/\/www.inter-accion.com.mx\/?p=1730"},"modified":"2017-02-03T18:24:53","modified_gmt":"2017-02-04T00:24:53","slug":"habia-en-chilpancingo-mas-de-900-toneladas-de-basura-en-las-calles","status":"publish","type":"post","link":"https:\/\/www.interaccionnoticias.com.mx\/?p=1730","title":{"rendered":"Hab\u00eda en Chilpancingo m\u00e1s de 900 toneladas de basura en las calles"},"content":{"rendered":"<p>El tiradero en Las Antenas es provisional, aclara el presidente municipal<br \/>\n&nbsp;<br \/>\nEl alcalde de Chilpancingo, Marco Antonio Leyva Mena confirm\u00f3 que durante las \u00faltimas horas, personal de servicios p\u00fablicos municipales retir\u00f3 al menos 900 toneladas de basura que permanec\u00edan amontonadas en diferentes puntos de la ciudad, en plena v\u00eda p\u00fablica.<br \/>\nUna vez que el municipio habilit\u00f3 un tiradero de basura provisional, el alcalde Leyva Mena explic\u00f3 que todas las \u00e1reas del ayuntamiento se sumaron a los trabajos encaminados a limpiar la ciudad.<br \/>\nReconoci\u00f3 que su administraci\u00f3n corri\u00f3 el riesgo de que las autoridades ambientales lo sancionaran, por los riesgos que implica el trasladar la basura hacia un destino que no est\u00e1 habilitado para ello.<br \/>\nSin embargo, la jornada del jueves 2 de febrero, la Procuradur\u00eda de Ecolog\u00eda del Estado de Guerrero (PROPEG) dio a conocer que no habr\u00eda ninguna sanci\u00f3n para el municipio, habida cuenta del momento de emergencia que se vivi\u00f3 durante el inicio de la semana.<br \/>\nEn el trabajo de limpia de la cabecera municipal, dijo que hasta la ma\u00f1ana del viernes se ten\u00eda una estimaci\u00f3n de que por lo menos 900 toneladas de desechos s\u00f3lidos ya se hab\u00edan retirado.<br \/>\nPara mover tal dimensi\u00f3n de basura, se utilizaron 20 camiones de volteo y 16 unidades que forman parte del parque vehicular municipal, lo que a\u00fan result\u00f3 insuficiente.<br \/>\nFue tal acumulaci\u00f3n de basura, lo que propici\u00f3 que la Secretar\u00eda de Salud (Ssa) estatal emitiera una alerta sanitaria la tarde del mi\u00e9rcoles 1 de febrero, la cual se levant\u00f3 para el jueves 2, a partir de que se intensificaron los trabajos de limpieza.<br \/>\nEl primer edil explic\u00f3 que ya hay maquinaria pesada que trabaja en la habilitaci\u00f3n de la celda que operar\u00e1 en el vecino municipio de Eduardo Neri, lo que implica consolidar un proyecto que de entrada costara 12 millones de pesos, pero que representa la soluci\u00f3n del problema por lo menos en un periodo de 15 a\u00f1os.<br \/>\nPrecis\u00f3 que el predio de Las Antenas solamente se utilizar\u00e1 de manera provisional, adem\u00e1s de que se habilitar\u00e1 un centro de trabajo provisional, en donde de primera instancia podr\u00e1n trabajar los pepenadores y posteriormente, los desechos que ya no tengan utilidad ser\u00e1n llevados hacia Zumpango.<br \/>\nAnte las protestas que se generaron en las colonias aleda\u00f1as al predio de Las Antenas, el alcalde manifest\u00f3 que persona del ayuntamiento se dio a la tarea de dialogar y explicar que la medida fue de car\u00e1cter emergente, que de ninguna manera ser\u00e1 definitiva.<br \/>\nRespecto a la presencia de las unidades particulares que durante dos d\u00edas permanecieron en la plaza central de Chilpacingo, Leyva Mena refiri\u00f3 que se entiende que hubo una acci\u00f3n que fue producto de la desesperaci\u00f3n, por lo que en caso de que haya consecuencias de car\u00e1cter legal.<br \/>\n\u201cYo no soy un represor, aunque s\u00ed camino siempre dentro del marco de la ley\u201d, asever\u00f3 el jefe de cabildo.<br \/>\nEn la conferencia de prensa, la regidora de Servicios P\u00fablicos, Erika Gonz\u00e1lez intervino para solicitar al presidente municipal que respete la comisi\u00f3n que encabeza en el cabildo, ya que hasta el momento se le ha mantenido al margen de la problem\u00e1tica, lo que la deja sin la posibilidad de responder a los ciudadanos que la cuestionan respecto a la posible soluci\u00f3n de los problemas.<\/p>\n","protected":false},"excerpt":{"rendered":"<p>El tiradero en Las Antenas es provisional, aclara el presidente municipal &nbsp; El alcalde de Chilpancingo, Marco Antonio Leyva Mena confirm\u00f3 que durante las \u00faltimas horas, personal de servicios p\u00fablicos&hellip; <\/p>\n","protected":false},"author":1,"featured_media":0,"comment_status":"open","ping_status":"open","sticky":false,"template":"","format":"standard","meta":{"fifu_image_url":"","fifu_image_alt":"","footnotes":""},"categories":[13,8],"tags":[],"class_list":["post-1730","post","type-post","status-publish","format-standard","hentry","category-capital","category-featured"],"_links":{"self":[{"href":"https:\/\/www.interaccionnoticias.com.mx\/index.php?rest_route=\/wp\/v2\/posts\/1730","targetHints":{"allow":["GET"]}}],"collection":[{"href":"https:\/\/www.interaccionnoticias.com.mx\/index.php?rest_route=\/wp\/v2\/posts"}],"about":[{"href":"https:\/\/www.interaccionnoticias.com.mx\/index.php?rest_route=\/wp\/v2\/types\/post"}],"author":[{"embeddable":true,"href":"https:\/\/www.interaccionnoticias.com.mx\/index.php?rest_route=\/wp\/v2\/users\/1"}],"replies":[{"embeddable":true,"href":"https:\/\/www.interaccionnoticias.com.mx\/index.php?rest_route=%2Fwp%2Fv2%2Fcomments&post=1730"}],"version-history":[{"count":0,"href":"https:\/\/www.interaccionnoticias.com.mx\/index.php?rest_route=\/wp\/v2\/posts\/1730\/revisions"}],"wp:attachment":[{"href":"https:\/\/www.interaccionnoticias.com.mx\/index.php?rest_route=%2Fwp%2Fv2%2Fmedia&parent=1730"}],"wp:term":[{"taxonomy":"category","embeddable":true,"href":"https:\/\/www.interaccionnoticias.com.mx\/index.php?rest_route=%2Fwp%2Fv2%2Fcategories&post=1730"},{"taxonomy":"post_tag","embeddable":true,"href":"https:\/\/www.interaccionnoticias.com.mx\/index.php?rest_route=%2Fwp%2Fv2%2Ftags&post=1730"}],"curies":[{"name":"wp","href":"https:\/\/api.w.org\/{rel}","templated":true}]}}