{"id":1704,"date":"2017-02-02T19:35:49","date_gmt":"2017-02-03T01:35:49","guid":{"rendered":"http:\/\/www.inter-accion.com.mx\/?p=1704"},"modified":"2017-02-02T19:35:49","modified_gmt":"2017-02-03T01:35:49","slug":"admite-alcalde-riesgo-de-sanciones-por-acondicionar-espacios-temporales-para-la-basura","status":"publish","type":"post","link":"https:\/\/www.interaccionnoticias.com.mx\/?p=1704","title":{"rendered":"Admite alcalde riesgo de sanciones por acondicionar espacios temporales para la basura"},"content":{"rendered":"<p dir=\"ltr\">Chilpancingo, 2 de febrero de 2017.- El alcalde de Chilpancingo, Marco Antonio Leyva Mena, reconoci\u00f3 que puede ser sancionado por la Procuradur\u00eda de Protecci\u00f3n Ecol\u00f3gica del Estado de Guerrero (PROPEG), por acondicionar espacios para dar alojo a la basura generada en la capital, que no cumplen la norma 083 de la Secretar\u00eda de Medio Ambiente y Recursos Naturales (SEMARNAT).<\/p>\n<p>&nbsp;<\/p>\n<p dir=\"ltr\">En entrevista, el edil, dijo que el trasladar los desechos s\u00f3lidos a un predio particular a las afueras de la ciudad, fue lo correcto, puesto que no lograron ning\u00fan acuerdo y no hubo solidaridad de las comunidades circunvecinas a Chilpancingo. &nbsp;&nbsp;<\/p>\n<p>&nbsp;<\/p>\n<p dir=\"ltr\">Precis\u00f3 que lugares como Buena Vista, Mazatl\u00e1n y Palo Blanco, se rehusaron a albergar basura, por cuestiones relacionadas con la protecci\u00f3n que brindan las polic\u00edas comunitarias de la zona.<\/p>\n<p>&nbsp;<\/p>\n<p dir=\"ltr\">En el predio, ubicado entre el cerro conocido como \u2018El Machohua\u2019 y \u2018El Huiteco\u2019, detall\u00f3 que se realizar\u00e1n obras de mitigaci\u00f3n, para controlar futuros problemas al suelo y a los mantos acu\u00edferos cercanos, a pesar que el \u201ccentro de transferencia de residuos s\u00f3lidos\u201d, solo estar\u00e1 funcionando hasta el d\u00eda s\u00e1bado.<\/p>\n<p>&nbsp;<\/p>\n<p dir=\"ltr\">As\u00ed mismo, refiri\u00f3 que ya se hab\u00eda concretado un acuerdo entre el gobierno municipal de Eduardo Neri con pobladores de \u2018El Platanal\u2019, que se manten\u00edan en rechazo de que el municipio de Chilpancingo trasladara los desechos de sus habitantes hasta esa zona y ello permitir\u00eda analizar otras opciones de manejo de basura.<\/p>\n<p>&nbsp;<\/p>\n<p dir=\"ltr\">Leyva Mena, explic\u00f3 que todas las \u00e1reas del Ayuntamiento, apoyaron con brigadas para trasladar la basura abandonada en calles y parques, mismas que fueron llevadas al \u201ccentro de transferencia de residuos\u201d.<\/p>\n<p>Este jueves, tras un recorrido hecho por inspectores sanitarios de la Secretar\u00eda de Salud, se analizar\u00eda \u201clevantar\u201d la declaratoria de emergencia sanitaria, emitida por la esta dependencia, por el problema de basura en las v\u00edas p\u00fablicas.<\/p>\n","protected":false},"excerpt":{"rendered":"<p>Chilpancingo, 2 de febrero de 2017.- El alcalde de Chilpancingo, Marco Antonio Leyva Mena, reconoci\u00f3 que puede ser sancionado por la Procuradur\u00eda de Protecci\u00f3n Ecol\u00f3gica del Estado de Guerrero (PROPEG),&hellip; <\/p>\n","protected":false},"author":1,"featured_media":0,"comment_status":"open","ping_status":"open","sticky":false,"template":"","format":"standard","meta":{"fifu_image_url":"","fifu_image_alt":"","footnotes":""},"categories":[13,8],"tags":[],"class_list":["post-1704","post","type-post","status-publish","format-standard","hentry","category-capital","category-featured"],"_links":{"self":[{"href":"https:\/\/www.interaccionnoticias.com.mx\/index.php?rest_route=\/wp\/v2\/posts\/1704","targetHints":{"allow":["GET"]}}],"collection":[{"href":"https:\/\/www.interaccionnoticias.com.mx\/index.php?rest_route=\/wp\/v2\/posts"}],"about":[{"href":"https:\/\/www.interaccionnoticias.com.mx\/index.php?rest_route=\/wp\/v2\/types\/post"}],"author":[{"embeddable":true,"href":"https:\/\/www.interaccionnoticias.com.mx\/index.php?rest_route=\/wp\/v2\/users\/1"}],"replies":[{"embeddable":true,"href":"https:\/\/www.interaccionnoticias.com.mx\/index.php?rest_route=%2Fwp%2Fv2%2Fcomments&post=1704"}],"version-history":[{"count":0,"href":"https:\/\/www.interaccionnoticias.com.mx\/index.php?rest_route=\/wp\/v2\/posts\/1704\/revisions"}],"wp:attachment":[{"href":"https:\/\/www.interaccionnoticias.com.mx\/index.php?rest_route=%2Fwp%2Fv2%2Fmedia&parent=1704"}],"wp:term":[{"taxonomy":"category","embeddable":true,"href":"https:\/\/www.interaccionnoticias.com.mx\/index.php?rest_route=%2Fwp%2Fv2%2Fcategories&post=1704"},{"taxonomy":"post_tag","embeddable":true,"href":"https:\/\/www.interaccionnoticias.com.mx\/index.php?rest_route=%2Fwp%2Fv2%2Ftags&post=1704"}],"curies":[{"name":"wp","href":"https:\/\/api.w.org\/{rel}","templated":true}]}}