{"id":1674,"date":"2017-02-01T10:58:32","date_gmt":"2017-02-01T16:58:32","guid":{"rendered":"http:\/\/www.inter-accion.com.mx\/?p=1674"},"modified":"2017-02-01T10:58:32","modified_gmt":"2017-02-01T16:58:32","slug":"el-secretario-general-de-gobierno-recibio-el-dia-de-ayer-al-primer-secretario-de-analisis-politico-de-la-embajada-de-canada-en-mexico","status":"publish","type":"post","link":"https:\/\/www.interaccionnoticias.com.mx\/?p=1674","title":{"rendered":"El Secretario General de Gobierno recibi\u00f3 el d\u00eda de ayer al Primer Secretario de An\u00e1lisis Pol\u00edtico de la Embajada de Canad\u00e1 en M\u00e9xico"},"content":{"rendered":"<p>El Secretario General de Gobierno, Florencio Salazar Adame recibi\u00f3 el d\u00eda de hoy al se\u00f1or Rasta Daei, Primer Secretario de An\u00e1lisis Pol\u00edtico de la Embajada de Canad\u00e1 en M\u00e9xico, con quien tuvo una larga conversaci\u00f3n sobre temas de migraci\u00f3n, turismo y seguridad en el Estado de inter\u00e9s para el gobierno canadiense.<br \/>\nLo acompa\u00f1aron Jos\u00e9 Antonio Bonilla Uribe, Vicefiscal de Investigaci\u00f3n; Edgar Reina de la Garza, encargado de la Subsecretaria de Prevenci\u00f3n y Operaci\u00f3n Policial; Mart\u00edn Maldonado del Moral, Subsecretario de Gobierno para Asuntos Pol\u00edticos. &nbsp;<\/p>\n","protected":false},"excerpt":{"rendered":"<p>El Secretario General de Gobierno, Florencio Salazar Adame recibi\u00f3 el d\u00eda de hoy al se\u00f1or Rasta Daei, Primer Secretario de An\u00e1lisis Pol\u00edtico de la Embajada de Canad\u00e1 en M\u00e9xico, con&hellip; <\/p>\n","protected":false},"author":1,"featured_media":0,"comment_status":"open","ping_status":"open","sticky":false,"template":"","format":"standard","meta":{"fifu_image_url":"","fifu_image_alt":"","footnotes":""},"categories":[8,11],"tags":[],"class_list":["post-1674","post","type-post","status-publish","format-standard","hentry","category-featured","category-guerrero"],"_links":{"self":[{"href":"https:\/\/www.interaccionnoticias.com.mx\/index.php?rest_route=\/wp\/v2\/posts\/1674","targetHints":{"allow":["GET"]}}],"collection":[{"href":"https:\/\/www.interaccionnoticias.com.mx\/index.php?rest_route=\/wp\/v2\/posts"}],"about":[{"href":"https:\/\/www.interaccionnoticias.com.mx\/index.php?rest_route=\/wp\/v2\/types\/post"}],"author":[{"embeddable":true,"href":"https:\/\/www.interaccionnoticias.com.mx\/index.php?rest_route=\/wp\/v2\/users\/1"}],"replies":[{"embeddable":true,"href":"https:\/\/www.interaccionnoticias.com.mx\/index.php?rest_route=%2Fwp%2Fv2%2Fcomments&post=1674"}],"version-history":[{"count":0,"href":"https:\/\/www.interaccionnoticias.com.mx\/index.php?rest_route=\/wp\/v2\/posts\/1674\/revisions"}],"wp:attachment":[{"href":"https:\/\/www.interaccionnoticias.com.mx\/index.php?rest_route=%2Fwp%2Fv2%2Fmedia&parent=1674"}],"wp:term":[{"taxonomy":"category","embeddable":true,"href":"https:\/\/www.interaccionnoticias.com.mx\/index.php?rest_route=%2Fwp%2Fv2%2Fcategories&post=1674"},{"taxonomy":"post_tag","embeddable":true,"href":"https:\/\/www.interaccionnoticias.com.mx\/index.php?rest_route=%2Fwp%2Fv2%2Ftags&post=1674"}],"curies":[{"name":"wp","href":"https:\/\/api.w.org\/{rel}","templated":true}]}}