{"id":1664,"date":"2017-01-31T20:17:44","date_gmt":"2017-02-01T02:17:44","guid":{"rendered":"http:\/\/www.inter-accion.com.mx\/?p=1664"},"modified":"2017-01-31T20:17:44","modified_gmt":"2017-02-01T02:17:44","slug":"marchan-contra-donald-trum-y-alza-de-gasolina","status":"publish","type":"post","link":"https:\/\/www.interaccionnoticias.com.mx\/?p=1664","title":{"rendered":"Marchan contra Donald Trum y alza de gasolina"},"content":{"rendered":"<p>*Piden cese los aumentos a los combustibles&nbsp;<br \/>\n&nbsp;<br \/>\nAcapulco, Gro.- M\u00e1s de 800 personas agrupadas en la CETEG de la regi\u00f3n Acapulco-Coyuca de Ben\u00edtez, organizaciones gremiales y sociales, marchan para exigir que baje el precio de la gasolina.<br \/>\nAl frente marchan la Uni\u00f3n Nacional de Trabajadores (UNT) agrupados en el Sindicato de Telefonistas de la Rep\u00fablica Mexicana, el STAUAG, los jubilados del SNTE y la organizaci\u00f3n pol\u00edtica \u201cPor M\u00e9xico Hoy\u201d.<br \/>\n\u201cEn esta convocatoria participan organizaciones sociales y pol\u00edticas, un gran conjunto de agrupaciones que marchamos del Asta bandera al Z\u00f3calo, para exigir a Enrique Pe\u00f1a Nieto y al Secretario de Hacienda y Cr\u00e9dito P\u00fablico (Jos\u00e9 Antonio Meade Kuribre\u00f1a) que baje el costo de la gasolina.<br \/>\n\u201cEs un costo criminal porque ha incrementado los costos de la canasta b\u00e1sica, entonces necesitamos el costo se venga abajo queremos el costo de la gasolina igual que como estaba en el 2016, no es posible que ya se anuncie otro incremento\u201d, reproch\u00f3 el l\u00edder pol\u00edtico.<br \/>\nDijo que es necesario unir esfuerzos contra la pol\u00edtica criminal de Donald Trump por lo que pidi\u00f3 unidad. \u201cVamos contra la pol\u00edtica de Donald Trump y pidi\u00f3 no distraerse con Pe\u00f1a Nieto\u201d, remarc\u00f3.<br \/>\nLa marcha fue encabezada por los diferentes representantes de las organizaciones gremiales y sociales que marcharon lanzando consignas a lo largo de la costera Miguel Alem\u00e1n.<br \/>\nAh\u00ed marchan un grupo de integrantes del Consejo de Ejidos y Comunidades Opositoras a la presa la Parota, liderados por Felipe Flores, grupo disidente de Marco Antonio Suastegui y hasta la organizaci\u00f3n ambientalista \u201cGuerreros Verdes\u201d, seguida por comerciantes y un grupo de ciudadanos.<br \/>\n&nbsp;<\/p>\n","protected":false},"excerpt":{"rendered":"<p>*Piden cese los aumentos a los combustibles&nbsp; &nbsp; Acapulco, Gro.- M\u00e1s de 800 personas agrupadas en la CETEG de la regi\u00f3n Acapulco-Coyuca de Ben\u00edtez, organizaciones gremiales y sociales, marchan para&hellip; <\/p>\n","protected":false},"author":1,"featured_media":0,"comment_status":"open","ping_status":"open","sticky":false,"template":"","format":"standard","meta":{"fifu_image_url":"","fifu_image_alt":"","footnotes":""},"categories":[8,23],"tags":[],"class_list":["post-1664","post","type-post","status-publish","format-standard","hentry","category-featured","category-regionales"],"_links":{"self":[{"href":"https:\/\/www.interaccionnoticias.com.mx\/index.php?rest_route=\/wp\/v2\/posts\/1664","targetHints":{"allow":["GET"]}}],"collection":[{"href":"https:\/\/www.interaccionnoticias.com.mx\/index.php?rest_route=\/wp\/v2\/posts"}],"about":[{"href":"https:\/\/www.interaccionnoticias.com.mx\/index.php?rest_route=\/wp\/v2\/types\/post"}],"author":[{"embeddable":true,"href":"https:\/\/www.interaccionnoticias.com.mx\/index.php?rest_route=\/wp\/v2\/users\/1"}],"replies":[{"embeddable":true,"href":"https:\/\/www.interaccionnoticias.com.mx\/index.php?rest_route=%2Fwp%2Fv2%2Fcomments&post=1664"}],"version-history":[{"count":0,"href":"https:\/\/www.interaccionnoticias.com.mx\/index.php?rest_route=\/wp\/v2\/posts\/1664\/revisions"}],"wp:attachment":[{"href":"https:\/\/www.interaccionnoticias.com.mx\/index.php?rest_route=%2Fwp%2Fv2%2Fmedia&parent=1664"}],"wp:term":[{"taxonomy":"category","embeddable":true,"href":"https:\/\/www.interaccionnoticias.com.mx\/index.php?rest_route=%2Fwp%2Fv2%2Fcategories&post=1664"},{"taxonomy":"post_tag","embeddable":true,"href":"https:\/\/www.interaccionnoticias.com.mx\/index.php?rest_route=%2Fwp%2Fv2%2Ftags&post=1664"}],"curies":[{"name":"wp","href":"https:\/\/api.w.org\/{rel}","templated":true}]}}