{"id":1588,"date":"2017-01-26T19:43:58","date_gmt":"2017-01-27T01:43:58","guid":{"rendered":"http:\/\/www.inter-accion.com.mx\/?p=1588"},"modified":"2017-01-26T19:43:58","modified_gmt":"2017-01-27T01:43:58","slug":"se-suma-otro-pueblo-a-la-autodefensa-de-san-miguel-totolapan","status":"publish","type":"post","link":"https:\/\/www.interaccionnoticias.com.mx\/?p=1588","title":{"rendered":"Se suma otro pueblo a la autodefensa de San Miguel Totolapan"},"content":{"rendered":"<p>Habitantes de la comunidad de \u201cLas Tinajas\u201d&nbsp;se sumaron al movimiento de autodefensa que opera en la&nbsp;cabecera municipal de San Miguel Totolapan, a un mes y medio&nbsp;del levantamiento armado&nbsp;en&nbsp;contra de la&nbsp;bandade&nbsp;\u201cLos Tequileros\u201d.<br \/>\nLa tarde-noche del mi\u00e9rcoles 25 de enero, habitantes de la comunidad de referencia se congregaron en la entrada principal de su escuela primaria, con la intenci\u00f3n de&nbsp;&nbsp;dar a conocer un acuerdo tomado en asamblea y para lo cual se cubrieron el rostro con paliacates, playeras y empu\u00f1aron&nbsp;armas de diferente calibre.<br \/>\nEn el video dado a conocer este jueves se observa a varios adultos mayores y ni\u00f1os, quienes&nbsp;&nbsp;exhibieron globos de color blanco.<br \/>\n\u201cEstamos reunidos por un motivo; que hoy nos unimos al movimiento por la paz que inici\u00f3 en nuestra cabecera municipal\u201d, se\u00f1alaron de primera instancia.<br \/>\nEn la argumentaci\u00f3n, dijeron que el grupo delictivo conocido como \u201cLos Tequileros\u201d, encabezado por Raybel Jacobo Dealmonte, ha causado mucho da\u00f1o a familias de los municipios de Arcelia, Tlapehuala, Ajuchitl\u00e1n del Progreso y San Miguel Totolapan, todos ubicados en la Tierra Caliente.<br \/>\n\u201cEn nuestro pueblo nos a perjudicado con secuestros, asesinatos y extorsiones; nuestros pueblo es pac\u00edfico y la mayor\u00eda somos campesinos, pero ellos se han llevado a nuestros hijos y nuestro patrimonio, por eso decidimos unirnos a nuestros hermanos de la cabecera municipal\u201d, refieren.<br \/>\nCon la incorporaci\u00f3n al Movimiento por la Paz que comenz\u00f3 hace mes y medio en la cabecera de San Miguel Totolapan, se\u00f1alaron que esperan recuperar la tranquilidad y la paz social.<br \/>\n\u201cEl pueblo se levanta en armas en contra de los tequileros, como pueblos unidos seremos m\u00e1s fuerza y pedimos el apoyo del gobierno del estado, porque queremos que nos hagan realidad la promesa de orden y paz\u201d, apuntaron.<br \/>\nAnticiparon que hay m\u00e1s comunidades que van a sumarse al movimiento de autodefensa, que adem\u00e1s de ir por Raybel Jacobo buscar\u00e1n que se sancione tambi\u00e9n a quien le da protecci\u00f3n en el \u00e1mbito pol\u00edtico.<br \/>\nTambi\u00e9n hicieron un llamado a las familias que han salido de Las Tinajas por las amenazas de Los Tequileros, para que se sumen al movimiento y hagan lo necesario para recuperar su patrimonio, sin que eso implique desconocer a las autoridades legalmente establecidas.<\/p>\n","protected":false},"excerpt":{"rendered":"<p>Habitantes de la comunidad de \u201cLas Tinajas\u201d&nbsp;se sumaron al movimiento de autodefensa que opera en la&nbsp;cabecera municipal de San Miguel Totolapan, a un mes y medio&nbsp;del levantamiento armado&nbsp;en&nbsp;contra de la&nbsp;bandade&nbsp;\u201cLos&hellip; <\/p>\n","protected":false},"author":1,"featured_media":0,"comment_status":"open","ping_status":"open","sticky":false,"template":"","format":"standard","meta":{"fifu_image_url":"","fifu_image_alt":"","footnotes":""},"categories":[8,23],"tags":[],"class_list":["post-1588","post","type-post","status-publish","format-standard","hentry","category-featured","category-regionales"],"_links":{"self":[{"href":"https:\/\/www.interaccionnoticias.com.mx\/index.php?rest_route=\/wp\/v2\/posts\/1588","targetHints":{"allow":["GET"]}}],"collection":[{"href":"https:\/\/www.interaccionnoticias.com.mx\/index.php?rest_route=\/wp\/v2\/posts"}],"about":[{"href":"https:\/\/www.interaccionnoticias.com.mx\/index.php?rest_route=\/wp\/v2\/types\/post"}],"author":[{"embeddable":true,"href":"https:\/\/www.interaccionnoticias.com.mx\/index.php?rest_route=\/wp\/v2\/users\/1"}],"replies":[{"embeddable":true,"href":"https:\/\/www.interaccionnoticias.com.mx\/index.php?rest_route=%2Fwp%2Fv2%2Fcomments&post=1588"}],"version-history":[{"count":0,"href":"https:\/\/www.interaccionnoticias.com.mx\/index.php?rest_route=\/wp\/v2\/posts\/1588\/revisions"}],"wp:attachment":[{"href":"https:\/\/www.interaccionnoticias.com.mx\/index.php?rest_route=%2Fwp%2Fv2%2Fmedia&parent=1588"}],"wp:term":[{"taxonomy":"category","embeddable":true,"href":"https:\/\/www.interaccionnoticias.com.mx\/index.php?rest_route=%2Fwp%2Fv2%2Fcategories&post=1588"},{"taxonomy":"post_tag","embeddable":true,"href":"https:\/\/www.interaccionnoticias.com.mx\/index.php?rest_route=%2Fwp%2Fv2%2Ftags&post=1588"}],"curies":[{"name":"wp","href":"https:\/\/api.w.org\/{rel}","templated":true}]}}