{"id":1585,"date":"2017-01-26T19:41:05","date_gmt":"2017-01-27T01:41:05","guid":{"rendered":"http:\/\/www.inter-accion.com.mx\/?p=1585"},"modified":"2017-01-26T19:41:05","modified_gmt":"2017-01-27T01:41:05","slug":"marchan-maestros-de-la-ceteg-bloquean-la-autopista-y-toman-dos-gasolineras","status":"publish","type":"post","link":"https:\/\/www.interaccionnoticias.com.mx\/?p=1585","title":{"rendered":"Marchan maestros de la CETEG, bloquean la Autopista y toman dos gasolineras"},"content":{"rendered":"<p>Reprochan impunidad en el caso Iguala<br \/>\n&nbsp;<br \/>\nMaestros disidentes y organizaciones sociales marcharon en Chilpancingo, bloquearon la Autopista del Sol y cerraron dos estaciones de gasolina para exigir que se d\u00e9 marcha atr\u00e1s al incremento en en el precio de los hidrocarburos, adem\u00e1s de reclamar la presentaci\u00f3n con vida de los 43 estudiantes de la Normal Rural de Ayotzinapa.<br \/>\nDespu\u00e9s de las 11:30 horas, integrantes de la Coordinadora Estatal de Trabajadores de la Educaci\u00f3n de Guerrero (CETEG), de la Asamblea Popular de los Pueblos de Guerrero (APPG) y estudiantes de la Normal Rural de Ayotzinapa, entre otros, se concentraron en la avenida de los Insurgentes, en la parte norte de Chilpancingo.<br \/>\nDe ah\u00ed comenzaron una marcha que de primera instancia recorri\u00f3 los carriles norte-sur de la Autopista del Sol, aunque durante la mayor parte del recorrido los automovilistas pudieron utilizar los carriles laterales del boulevar Vicente Guerrero Salda\u00f1a.<br \/>\nHicieron una primer parada frente a las instalaciones de la 35 Zona Militar, a la altura de la colonia del PRI, en donde recordaron que personal del 27 Batall\u00f3 de Infanter\u00eda estuvo relacionado con los ataques cometidos en contra de los estudiantes de la Normal Rural Ra\u00fal Isidro Burgos, la noche del 26 de septiembre de 2014.<br \/>\nA 28 meses de los ataques cometidos en contra de los normalistas, reprocharon que no haya justicia y m\u00e1s a\u00fan, que algunos de los implicados, como Tom\u00e1s Zer\u00f3n de Lucio, es director de Investigaci\u00f3n Criminal de la Procuradur\u00eda General de la Rep\u00fablica (PGR) sigan sin recibir sanci\u00f3n alguna.<br \/>\nTras una breve pausa frente a la puerta principal del 50 Batall\u00f3n de Infanter\u00eda, la marcha continu\u00f3 su trayectoria hacia la parte sur, pas\u00f3 frente a las instalaciones del Congreso local y se lanzaron consignas en contra de la inactividad que han mostrado los 46 diputados guerrerenses en torno al caso Ayotzinapa, pero tambi\u00e9n ante la imposici\u00f3n de las reformas estructurales que han provocado la severa crisis econ\u00f3mica que atraviesa el pa\u00eds.<br \/>\nLlegaron al punto conocido como \u201cEl Parador de Marqu\u00e9s, en donde cerraron los cuatro carriles y tambi\u00e9n tomaron dos estaciones de gasolina; Eva 1 y Eva 2, en donde se instalaron frente a las bombas despachadoras de combustible para reprochar el alza en el precio de los hidrocarburos.<br \/>\nEl bloqueo prevaleci\u00f3 por espacio de 40 minutos, personal de la Polic\u00eda Federal (PF) dialog\u00f3 con el secretario general de la coordinadora, Ramos Reyes Guerrero para solicitar que se despejara la vialidad, este les se\u00f1al\u00f3 que permanecer\u00edan en dicho punto solamente durante el tiempo en que se desarrollara el mitin.<br \/>\nLa manifestaci\u00f3n culmin\u00f3 sin problemas, antes de las 15:00 horas la vialidad estaba completamente restablecida.<\/p>\n","protected":false},"excerpt":{"rendered":"<p>Reprochan impunidad en el caso Iguala &nbsp; Maestros disidentes y organizaciones sociales marcharon en Chilpancingo, bloquearon la Autopista del Sol y cerraron dos estaciones de gasolina para exigir que se&hellip; <\/p>\n","protected":false},"author":1,"featured_media":0,"comment_status":"open","ping_status":"open","sticky":false,"template":"","format":"standard","meta":{"fifu_image_url":"","fifu_image_alt":"","footnotes":""},"categories":[8,15],"tags":[],"class_list":["post-1585","post","type-post","status-publish","format-standard","hentry","category-featured","category-movimientos-sociales"],"_links":{"self":[{"href":"https:\/\/www.interaccionnoticias.com.mx\/index.php?rest_route=\/wp\/v2\/posts\/1585","targetHints":{"allow":["GET"]}}],"collection":[{"href":"https:\/\/www.interaccionnoticias.com.mx\/index.php?rest_route=\/wp\/v2\/posts"}],"about":[{"href":"https:\/\/www.interaccionnoticias.com.mx\/index.php?rest_route=\/wp\/v2\/types\/post"}],"author":[{"embeddable":true,"href":"https:\/\/www.interaccionnoticias.com.mx\/index.php?rest_route=\/wp\/v2\/users\/1"}],"replies":[{"embeddable":true,"href":"https:\/\/www.interaccionnoticias.com.mx\/index.php?rest_route=%2Fwp%2Fv2%2Fcomments&post=1585"}],"version-history":[{"count":0,"href":"https:\/\/www.interaccionnoticias.com.mx\/index.php?rest_route=\/wp\/v2\/posts\/1585\/revisions"}],"wp:attachment":[{"href":"https:\/\/www.interaccionnoticias.com.mx\/index.php?rest_route=%2Fwp%2Fv2%2Fmedia&parent=1585"}],"wp:term":[{"taxonomy":"category","embeddable":true,"href":"https:\/\/www.interaccionnoticias.com.mx\/index.php?rest_route=%2Fwp%2Fv2%2Fcategories&post=1585"},{"taxonomy":"post_tag","embeddable":true,"href":"https:\/\/www.interaccionnoticias.com.mx\/index.php?rest_route=%2Fwp%2Fv2%2Ftags&post=1585"}],"curies":[{"name":"wp","href":"https:\/\/api.w.org\/{rel}","templated":true}]}}