{"id":1575,"date":"2017-01-25T19:35:49","date_gmt":"2017-01-26T01:35:49","guid":{"rendered":"http:\/\/www.inter-accion.com.mx\/?p=1575"},"modified":"2017-01-25T19:35:49","modified_gmt":"2017-01-26T01:35:49","slug":"perfilan-descuento-salarial-del-20-por-ciento-a-diputados","status":"publish","type":"post","link":"https:\/\/www.interaccionnoticias.com.mx\/?p=1575","title":{"rendered":"Perfilan descuento salarial del 20 por ciento a diputados"},"content":{"rendered":"<p>PRI, PVEM y PAN ya tienen un acuerdo<br \/>\n&nbsp;<br \/>\nHasta el momento, solo los diputados locales del PRI, PVEM y PAN tienen el acuerdo de disminuir sus salarios en un 20 por&nbsp;ciento, las fracciones del PRD, MC y el representante del PT condicionan la sumatoria a la aprobaci\u00f3n de un exhorto dirigido al Gobierno de la Republica, para que cuanto antes disminuya el precio de la gasolina, el di\u00e9sel y gas LP.<br \/>\nDe acuerdo con Flor A\u00f1orve Ocampo, presidenta de la Junta de Coordinaci\u00f3n Pol\u00edtica del Poder Legislativo de Guerrero, la ma\u00f1ana del mi\u00e9rcoles 25 de enero, los diputados del tricolor, del PVEM y PAN acordaron impulsar un plan de austeridad que consiste en diez puntos, el primero es el de la reducci\u00f3n salarial del 20 por&nbsp;ciento.<br \/>\nA\u00f1orve Ocampo declin\u00f3 hablar sobre los nueve puntos que adem\u00e1s de la reducci\u00f3n salarial, tiene afianzado el bloque legislativo que encabeza su partido.<br \/>\nLos diputados del PRD, PT y MC insisten en no sumarse a los diez puntos, hasta en tanto el Congreso no emita un exhorto al gobierno federal para que le meta reversa al incremento al precio de la gasolina.<br \/>\nHasta el momento no se tiene la estimaci\u00f3n de cuanto dinero ahorrar\u00eda el Congreso con el descuento que se aplicar\u00e1 de entrada a 26 diputados, pero no descart\u00f3 la posibilidad de que en \u00faltima instancia, los partidos identificados con la izquierda se sumen.<br \/>\nReconoci\u00f3 que los nueve puntos que faltan por afianzar entran en el \u00e1mbito de competencia del aparato administrativo, que es controlado por la Junta de Coordinaci\u00f3n Pol\u00edtica, que ella preside. &nbsp;&nbsp;&nbsp;&nbsp;&nbsp;<br \/>\nSin embargo, la legisladora refiri\u00f3 que lo ideal es que las acciones del Congreso salgan de consenso, para que haya una legitimidad mayor ante la sociedad.<br \/>\n&nbsp;<\/p>\n","protected":false},"excerpt":{"rendered":"<p>PRI, PVEM y PAN ya tienen un acuerdo &nbsp; Hasta el momento, solo los diputados locales del PRI, PVEM y PAN tienen el acuerdo de disminuir sus salarios en un&hellip; <\/p>\n","protected":false},"author":1,"featured_media":0,"comment_status":"open","ping_status":"open","sticky":false,"template":"","format":"standard","meta":{"fifu_image_url":"","fifu_image_alt":"","footnotes":""},"categories":[2,8],"tags":[],"class_list":["post-1575","post","type-post","status-publish","format-standard","hentry","category-congreso","category-featured"],"_links":{"self":[{"href":"https:\/\/www.interaccionnoticias.com.mx\/index.php?rest_route=\/wp\/v2\/posts\/1575","targetHints":{"allow":["GET"]}}],"collection":[{"href":"https:\/\/www.interaccionnoticias.com.mx\/index.php?rest_route=\/wp\/v2\/posts"}],"about":[{"href":"https:\/\/www.interaccionnoticias.com.mx\/index.php?rest_route=\/wp\/v2\/types\/post"}],"author":[{"embeddable":true,"href":"https:\/\/www.interaccionnoticias.com.mx\/index.php?rest_route=\/wp\/v2\/users\/1"}],"replies":[{"embeddable":true,"href":"https:\/\/www.interaccionnoticias.com.mx\/index.php?rest_route=%2Fwp%2Fv2%2Fcomments&post=1575"}],"version-history":[{"count":0,"href":"https:\/\/www.interaccionnoticias.com.mx\/index.php?rest_route=\/wp\/v2\/posts\/1575\/revisions"}],"wp:attachment":[{"href":"https:\/\/www.interaccionnoticias.com.mx\/index.php?rest_route=%2Fwp%2Fv2%2Fmedia&parent=1575"}],"wp:term":[{"taxonomy":"category","embeddable":true,"href":"https:\/\/www.interaccionnoticias.com.mx\/index.php?rest_route=%2Fwp%2Fv2%2Fcategories&post=1575"},{"taxonomy":"post_tag","embeddable":true,"href":"https:\/\/www.interaccionnoticias.com.mx\/index.php?rest_route=%2Fwp%2Fv2%2Ftags&post=1575"}],"curies":[{"name":"wp","href":"https:\/\/api.w.org\/{rel}","templated":true}]}}