{"id":1569,"date":"2017-01-25T18:47:50","date_gmt":"2017-01-26T00:47:50","guid":{"rendered":"http:\/\/www.inter-accion.com.mx\/?p=1569"},"modified":"2017-01-25T18:47:50","modified_gmt":"2017-01-26T00:47:50","slug":"padres-de-familia-deben-implementar-el-operativo-mochila","status":"publish","type":"post","link":"https:\/\/www.interaccionnoticias.com.mx\/?p=1569","title":{"rendered":"Padres de familia deben implementar el Operativo Mochila"},"content":{"rendered":"<div id=\"m_3816814385503432741divRplyFwdMsg\" dir=\"ltr\">* Para que la medida no la adopte la polic\u00eda<\/p>\n<div>&nbsp;<\/div>\n<\/div>\n<div>\n<div dir=\"ltr\">\n<p class=\"m_3816814385503432741gmail-MsoNoSpacing\">&nbsp;<\/p>\n<p class=\"m_3816814385503432741gmail-MsoNoSpacing\"><span class=\"m_3816814385503432741gmail-5yl5\">El presidente de la Asociaci\u00f3n de Padres de Familia del Estado de Guerrero, Sa\u00fal Castro Hern\u00e1ndez manifest\u00f3 que los integrantes de los comit\u00e9s de padres de cada instituci\u00f3n educativa deben ser capacitados en materia de derechos humanos y proximidad para que sean estos quienes implementen el &#8216;operativo mochila&#8217; y no los elementos de la Secretar\u00eda de Seguridad P\u00fablica (SSP).<\/span><\/p>\n<p class=\"m_3816814385503432741gmail-MsoNoSpacing\"><span class=\"m_3816814385503432741gmail-5yl5\">Indic\u00f3 que ese tipo de operativos, deben ser realizados por personal calificado, puesto que la acci\u00f3n, \u201cconstitucionalmente\u201d esta violentando &nbsp;el derecho a la privacidad de cada individuo, ante una presunci\u00f3n de culpabilidad que se realiza con esa actividad.<\/span><\/p>\n<p class=\"m_3816814385503432741gmail-MsoNoSpacing\"><span class=\"m_3816814385503432741gmail-5yl5\">\u00abEntonces es important\u00edsimo que la persona que lo va a hacer, sea capacitada en el sentido de que, estamos pidi\u00e9ndole de favor a la chico de poder revisarle su mochila, pero tenemos toda la capacitaci\u00f3n para hacerle ver que es por su bien y por el bien de sus compa\u00f1eros\u201d, precis\u00f3.<\/span><\/p>\n<p class=\"m_3816814385503432741gmail-MsoNoSpacing\"><span class=\"m_3816814385503432741gmail-5yl5\">Aclar\u00f3 que quien sea el responsable de la implementaci\u00f3n del operativo, deben ser los mismos padres de familia, reconocidos por la comunidad escolar y no en este caso por polic\u00edas estatales, acompa\u00f1ados de canes. &nbsp;<\/span><\/p>\n<p class=\"m_3816814385503432741gmail-MsoNoSpacing\"><span class=\"m_3816814385503432741gmail-5yl5\">Agreg\u00f3, que el incidente que involucr\u00f3 a un estudiante de la Escuela Secundaria T\u00e9cnica N.81 \u2018Aar\u00f3n M. Flores\u2019 en Chilpancingo, que fue herido con un arma blanca por un compa\u00f1ero, seg\u00fan reportes de la Polic\u00eda Municipal, que este hecho se debi\u00f3 a que el denominado \u2018Operativo Mochila\u2019, se focaliza en un solo objetivo, y se deja sin apoyo a las escuelas que requieren atenci\u00f3n.<\/span><\/p>\n<p class=\"m_3816814385503432741gmail-MsoNoSpacing\"><span class=\"m_3816814385503432741gmail-5yl5\">Expuso que es un esquema ambicioso, de parte de las autoridades se Seguridad P\u00fablica, pues el pasado lunes se tuvo que iniciar con una serie de actividades rotativas en m\u00e1s de 3 mil secundarias y telesecundarias del nivel estatal.<\/span><\/p>\n<p class=\"m_3816814385503432741gmail-MsoNoSpacing\"><span class=\"m_3816814385503432741gmail-5yl5\">Por \u00faltimo, Castro Hern\u00e1ndez se\u00f1al\u00f3 que las instituciones a trav\u00e9s de un consenso entre el comit\u00e9 de padres de familia y maestros, deben pedir a las instancias de seguridad, la implementaci\u00f3n del operativo, para efecto de canalizar los recursos humanos y materiales, hacia los puntos de mayor urgencia. &nbsp;<\/span><\/p>\n<\/div>\n<\/div>\n","protected":false},"excerpt":{"rendered":"<p>* Para que la medida no la adopte la polic\u00eda &nbsp; &nbsp; El presidente de la Asociaci\u00f3n de Padres de Familia del Estado de Guerrero, Sa\u00fal Castro Hern\u00e1ndez manifest\u00f3 que&hellip; <\/p>\n","protected":false},"author":1,"featured_media":0,"comment_status":"open","ping_status":"open","sticky":false,"template":"","format":"standard","meta":{"fifu_image_url":"","fifu_image_alt":"","footnotes":""},"categories":[6,8],"tags":[],"class_list":["post-1569","post","type-post","status-publish","format-standard","hentry","category-educacion","category-featured"],"_links":{"self":[{"href":"https:\/\/www.interaccionnoticias.com.mx\/index.php?rest_route=\/wp\/v2\/posts\/1569","targetHints":{"allow":["GET"]}}],"collection":[{"href":"https:\/\/www.interaccionnoticias.com.mx\/index.php?rest_route=\/wp\/v2\/posts"}],"about":[{"href":"https:\/\/www.interaccionnoticias.com.mx\/index.php?rest_route=\/wp\/v2\/types\/post"}],"author":[{"embeddable":true,"href":"https:\/\/www.interaccionnoticias.com.mx\/index.php?rest_route=\/wp\/v2\/users\/1"}],"replies":[{"embeddable":true,"href":"https:\/\/www.interaccionnoticias.com.mx\/index.php?rest_route=%2Fwp%2Fv2%2Fcomments&post=1569"}],"version-history":[{"count":0,"href":"https:\/\/www.interaccionnoticias.com.mx\/index.php?rest_route=\/wp\/v2\/posts\/1569\/revisions"}],"wp:attachment":[{"href":"https:\/\/www.interaccionnoticias.com.mx\/index.php?rest_route=%2Fwp%2Fv2%2Fmedia&parent=1569"}],"wp:term":[{"taxonomy":"category","embeddable":true,"href":"https:\/\/www.interaccionnoticias.com.mx\/index.php?rest_route=%2Fwp%2Fv2%2Fcategories&post=1569"},{"taxonomy":"post_tag","embeddable":true,"href":"https:\/\/www.interaccionnoticias.com.mx\/index.php?rest_route=%2Fwp%2Fv2%2Ftags&post=1569"}],"curies":[{"name":"wp","href":"https:\/\/api.w.org\/{rel}","templated":true}]}}