{"id":1563,"date":"2017-01-25T18:39:13","date_gmt":"2017-01-26T00:39:13","guid":{"rendered":"http:\/\/www.inter-accion.com.mx\/?p=1563"},"modified":"2017-01-25T18:39:13","modified_gmt":"2017-01-26T00:39:13","slug":"preocupa-al-congreso-posibles-agresiones-contra-mas-de-800-mil-migrantes-guerrerenses","status":"publish","type":"post","link":"https:\/\/www.interaccionnoticias.com.mx\/?p=1563","title":{"rendered":"Preocupa al Congreso posibles agresiones contra mas de 800 mil migrantes guerrerenses"},"content":{"rendered":"<p>&nbsp;<br \/>\nEl Congreso local expres\u00f3 &nbsp;su preocupaci\u00f3n por los violaciones a las garant\u00edas que se puedan cometer contra m\u00e1s de 800 mil guerrerenses radicados en los Estados Unidos de Norteam\u00e9rica.<br \/>\nDurante la sesi\u00f3n que la comisi\u00f3n permanente del Congreso local sostuvo este 25 de enero, el presidente de la Comisi\u00f3n de Justicia, H\u00e9ctor Vicario Castrej\u00f3n sostuvo que de acuerdo con diferentes estimaciones, son m\u00e1s de 800 mil ciudadanos guerrerenses radicados en los Estados Unidos de Norteamericanos.<br \/>\nEl integrante de la fracci\u00f3n parlamentaria del PRI, destac\u00f3 que de acuerdo con los lazos afectivos y comunitarios, es muy f\u00e1cil detectar a los guerrerenses que proceden de la Tierra Caliente, Zona Norte, Costa Chica, Costa Grande y Regi\u00f3n Centro.<br \/>\nPor esa raz\u00f3n, consider\u00f3 necesario hacer un llamado a Fabi\u00e1n Morales Marchan, titular de la Secretar\u00eda del Migrante y Asuntos Internacionales del Gobierno estatal, para que instrumente acciones preventivas en caso de que se vulneren los derechos humanos de los guerrerenses radicados en el vecino pa\u00eds del norte, ante la actitud que ha asumido el actual presidente, Donald Trump.<br \/>\nEl acuerdo se aprob\u00f3 por la v\u00eda de la unanimidad, ya que todos los representantes populares presentes manifestaron la preocupaci\u00f3n que genera el discurso del actual mandatario estadounidense.<br \/>\nRicardo Mej\u00eda Berdeja, coordinador de la fracci\u00f3n parlamentaria del Movimiento Ciudadano (MC), indic\u00f3 que la orden de comenzar con la construcci\u00f3n del muro divisorio entre Estados Unidos y M\u00e9xico manda un mensaje de clara animadversi\u00f3n hacia nuestro pa\u00eds.<br \/>\nIndic\u00f3: \u201cDesde la ca\u00edda del muro de Berl\u00edn en 1989 queda claro que no hay muro que frene el esp\u00edritu libertario de la humanidad, el deseo de que una persona se desplace por donde lo desee de manera licita\u201d.<br \/>\nRecord\u00f3 que la comunidad latinomericana ha dado mucho a los Estados Unidos en materia econ\u00f3mica y cultural, sin embargo, con esta administraci\u00f3n presidencial se le convierte en recipiendaria de todos los odios.<br \/>\n\u201cEstados Unidos es una poblaci\u00f3n de inmigrantes, los mexicanos son los m\u00e1s numerosos en cuanto a los de habla hispana, entre ellos figuran los guerrerenses y por es rechazamos la actitud que se ha mostrado contra nuestros paisanos\u201d, asever\u00f3.<\/p>\n","protected":false},"excerpt":{"rendered":"<p>&nbsp; El Congreso local expres\u00f3 &nbsp;su preocupaci\u00f3n por los violaciones a las garant\u00edas que se puedan cometer contra m\u00e1s de 800 mil guerrerenses radicados en los Estados Unidos de Norteam\u00e9rica.&hellip; <\/p>\n","protected":false},"author":1,"featured_media":0,"comment_status":"open","ping_status":"open","sticky":false,"template":"","format":"standard","meta":{"fifu_image_url":"","fifu_image_alt":"","footnotes":""},"categories":[2,8],"tags":[],"class_list":["post-1563","post","type-post","status-publish","format-standard","hentry","category-congreso","category-featured"],"_links":{"self":[{"href":"https:\/\/www.interaccionnoticias.com.mx\/index.php?rest_route=\/wp\/v2\/posts\/1563","targetHints":{"allow":["GET"]}}],"collection":[{"href":"https:\/\/www.interaccionnoticias.com.mx\/index.php?rest_route=\/wp\/v2\/posts"}],"about":[{"href":"https:\/\/www.interaccionnoticias.com.mx\/index.php?rest_route=\/wp\/v2\/types\/post"}],"author":[{"embeddable":true,"href":"https:\/\/www.interaccionnoticias.com.mx\/index.php?rest_route=\/wp\/v2\/users\/1"}],"replies":[{"embeddable":true,"href":"https:\/\/www.interaccionnoticias.com.mx\/index.php?rest_route=%2Fwp%2Fv2%2Fcomments&post=1563"}],"version-history":[{"count":0,"href":"https:\/\/www.interaccionnoticias.com.mx\/index.php?rest_route=\/wp\/v2\/posts\/1563\/revisions"}],"wp:attachment":[{"href":"https:\/\/www.interaccionnoticias.com.mx\/index.php?rest_route=%2Fwp%2Fv2%2Fmedia&parent=1563"}],"wp:term":[{"taxonomy":"category","embeddable":true,"href":"https:\/\/www.interaccionnoticias.com.mx\/index.php?rest_route=%2Fwp%2Fv2%2Fcategories&post=1563"},{"taxonomy":"post_tag","embeddable":true,"href":"https:\/\/www.interaccionnoticias.com.mx\/index.php?rest_route=%2Fwp%2Fv2%2Ftags&post=1563"}],"curies":[{"name":"wp","href":"https:\/\/api.w.org\/{rel}","templated":true}]}}