{"id":1533,"date":"2017-01-25T15:42:26","date_gmt":"2017-01-25T21:42:26","guid":{"rendered":"http:\/\/www.inter-accion.com.mx\/?p=1533"},"modified":"2017-01-25T15:42:26","modified_gmt":"2017-01-25T21:42:26","slug":"gobierno-da-seguimiento-para-atender-violencia-de-genero","status":"publish","type":"post","link":"https:\/\/www.interaccionnoticias.com.mx\/?p=1533","title":{"rendered":"GOBIERNO DA SEGUIMIENTO PARA ATENDER VIOLENCIA DE GENERO"},"content":{"rendered":"<p>El Secretario General de Gobierno, Florencio Salazar Adame, presidi\u00f3 reuni\u00f3n de seguimiento para atender la alerta de Violencia de G\u00e9nero.<br \/>\n&nbsp;<br \/>\nLa cual tuvo como objetivo revisar los avances y establecer las estrategias para el cumplimiento de las conclusiones e indicadores, que tiene como responsabilidad a diferentes dependencias del Gobierno del Estado.<br \/>\n&nbsp;<br \/>\nEstuvieron presentes la Subsecretaria de Gobierno para asuntos de Coordinaci\u00f3n, Enlace y Atenci\u00f3n de Organizaciones Sociales, Julieta Velasco Valdez; Rosa In\u00e9s de la O Garc\u00eda, Secretaria de la Mujer; Alejandro de los Santos Gonz\u00e1lez, Vicefiscal de Investigaci\u00f3n y Seguimiento; Jes\u00fas Castro Guti\u00e9rrez, Encargada de la Unidad de Asesor\u00eda, Pol\u00edticas y Alertamiento de la Secretaria de Seguridad P\u00fablica, Berenice J\u00e1uregui, Coordinadora de la Unidad de Igualdad de G\u00e9nero del Tribunal Superior de Justicia entre otros.<\/p>\n","protected":false},"excerpt":{"rendered":"<p>El Secretario General de Gobierno, Florencio Salazar Adame, presidi\u00f3 reuni\u00f3n de seguimiento para atender la alerta de Violencia de G\u00e9nero. &nbsp; La cual tuvo como objetivo revisar los avances y&hellip; <\/p>\n","protected":false},"author":1,"featured_media":0,"comment_status":"open","ping_status":"open","sticky":false,"template":"","format":"standard","meta":{"fifu_image_url":"","fifu_image_alt":"","footnotes":""},"categories":[11],"tags":[],"class_list":["post-1533","post","type-post","status-publish","format-standard","hentry","category-guerrero"],"_links":{"self":[{"href":"https:\/\/www.interaccionnoticias.com.mx\/index.php?rest_route=\/wp\/v2\/posts\/1533","targetHints":{"allow":["GET"]}}],"collection":[{"href":"https:\/\/www.interaccionnoticias.com.mx\/index.php?rest_route=\/wp\/v2\/posts"}],"about":[{"href":"https:\/\/www.interaccionnoticias.com.mx\/index.php?rest_route=\/wp\/v2\/types\/post"}],"author":[{"embeddable":true,"href":"https:\/\/www.interaccionnoticias.com.mx\/index.php?rest_route=\/wp\/v2\/users\/1"}],"replies":[{"embeddable":true,"href":"https:\/\/www.interaccionnoticias.com.mx\/index.php?rest_route=%2Fwp%2Fv2%2Fcomments&post=1533"}],"version-history":[{"count":0,"href":"https:\/\/www.interaccionnoticias.com.mx\/index.php?rest_route=\/wp\/v2\/posts\/1533\/revisions"}],"wp:attachment":[{"href":"https:\/\/www.interaccionnoticias.com.mx\/index.php?rest_route=%2Fwp%2Fv2%2Fmedia&parent=1533"}],"wp:term":[{"taxonomy":"category","embeddable":true,"href":"https:\/\/www.interaccionnoticias.com.mx\/index.php?rest_route=%2Fwp%2Fv2%2Fcategories&post=1533"},{"taxonomy":"post_tag","embeddable":true,"href":"https:\/\/www.interaccionnoticias.com.mx\/index.php?rest_route=%2Fwp%2Fv2%2Ftags&post=1533"}],"curies":[{"name":"wp","href":"https:\/\/api.w.org\/{rel}","templated":true}]}}