{"id":1527,"date":"2017-01-25T15:30:03","date_gmt":"2017-01-25T21:30:03","guid":{"rendered":"http:\/\/www.inter-accion.com.mx\/?p=1527"},"modified":"2017-01-25T15:30:03","modified_gmt":"2017-01-25T21:30:03","slug":"gobierno-entrega-posesion-a-la-nueva-titular-de-semujer","status":"publish","type":"post","link":"https:\/\/www.interaccionnoticias.com.mx\/?p=1527","title":{"rendered":"GOBIERNO ENTREGA POSESI\u00d3N A LA NUEVA TITULAR DE SEMUJER."},"content":{"rendered":"<p>El Secretario General de Gobierno, Florencio Salazar Adame, por indicaci\u00f3n del gobernador del Estado H\u00e9ctor Astudillo Flores, dio posesi\u00f3n a Rosa In\u00e9s de la O Garc\u00eda como Secretaria de la Mujer en sustituci\u00f3n de Gabriela Bernal Res\u00e9ndiz.<br \/>\n&nbsp;<br \/>\nEn el acto realizado en la Secretar\u00eda de la Mujer, el Secretario de Gobierno expres\u00f3 que de la O, tiene gran experiencia jur\u00eddica y se ha desenvuelto profesionalmente a favor de la defensa de los derechos de la mujer a trav\u00e9s de diversas instancias, entre ellas, el plano electoral.<br \/>\nSe\u00f1al\u00f3 que el gobernador agradece por el tiempo que estuvo a cargo Gabriela Bernal Res\u00e9ndiz, quien estuvo presente en esta toma de posesi\u00f3n, y quien agradeci\u00f3 a Salazar Adame por el apoyo durante este periodo y lo llamo \u201cAliado de las mujeres guerrerenses\u201d.<br \/>\n&nbsp;<br \/>\nEn su intervenci\u00f3n la nueva titular de la SEMUJER, agradeci\u00f3 al gobernador del Estado por esta encomienda y dijo que su objetivo es ayudar a las mujeres a superarse y defenfer sus derechos.<\/p>\n","protected":false},"excerpt":{"rendered":"<p>El Secretario General de Gobierno, Florencio Salazar Adame, por indicaci\u00f3n del gobernador del Estado H\u00e9ctor Astudillo Flores, dio posesi\u00f3n a Rosa In\u00e9s de la O Garc\u00eda como Secretaria de la&hellip; <\/p>\n","protected":false},"author":1,"featured_media":0,"comment_status":"open","ping_status":"open","sticky":false,"template":"","format":"standard","meta":{"fifu_image_url":"","fifu_image_alt":"","footnotes":""},"categories":[11],"tags":[],"class_list":["post-1527","post","type-post","status-publish","format-standard","hentry","category-guerrero"],"_links":{"self":[{"href":"https:\/\/www.interaccionnoticias.com.mx\/index.php?rest_route=\/wp\/v2\/posts\/1527","targetHints":{"allow":["GET"]}}],"collection":[{"href":"https:\/\/www.interaccionnoticias.com.mx\/index.php?rest_route=\/wp\/v2\/posts"}],"about":[{"href":"https:\/\/www.interaccionnoticias.com.mx\/index.php?rest_route=\/wp\/v2\/types\/post"}],"author":[{"embeddable":true,"href":"https:\/\/www.interaccionnoticias.com.mx\/index.php?rest_route=\/wp\/v2\/users\/1"}],"replies":[{"embeddable":true,"href":"https:\/\/www.interaccionnoticias.com.mx\/index.php?rest_route=%2Fwp%2Fv2%2Fcomments&post=1527"}],"version-history":[{"count":0,"href":"https:\/\/www.interaccionnoticias.com.mx\/index.php?rest_route=\/wp\/v2\/posts\/1527\/revisions"}],"wp:attachment":[{"href":"https:\/\/www.interaccionnoticias.com.mx\/index.php?rest_route=%2Fwp%2Fv2%2Fmedia&parent=1527"}],"wp:term":[{"taxonomy":"category","embeddable":true,"href":"https:\/\/www.interaccionnoticias.com.mx\/index.php?rest_route=%2Fwp%2Fv2%2Fcategories&post=1527"},{"taxonomy":"post_tag","embeddable":true,"href":"https:\/\/www.interaccionnoticias.com.mx\/index.php?rest_route=%2Fwp%2Fv2%2Ftags&post=1527"}],"curies":[{"name":"wp","href":"https:\/\/api.w.org\/{rel}","templated":true}]}}