{"id":1489,"date":"2017-01-23T13:37:28","date_gmt":"2017-01-23T19:37:28","guid":{"rendered":"http:\/\/www.inter-accion.com.mx\/?p=1489"},"modified":"2017-01-23T13:37:28","modified_gmt":"2017-01-23T19:37:28","slug":"protestan-en-acapulco-contra-el-alza-en-la-energia-electrica","status":"publish","type":"post","link":"https:\/\/www.interaccionnoticias.com.mx\/?p=1489","title":{"rendered":"Protestan en Acapulco contra el alza en la energ\u00eda el\u00e9ctrica"},"content":{"rendered":"<p>Acapulco, Gro.- Comerciantes, amas de casa y locatarios de diferentes giros comerciales del puerto de Acapulco, marcharon contra los altos cobros en tarifas de energ\u00eda el\u00e9ctrica, predial y gasolina.<br \/>\n\u201cTenemos registrados recibos por 63 mil pesos bimestrales (por consumo de energ\u00eda el\u00e9ctrica) en un departamento de la unidad habitaci\u00f3n del Infonavit \u00a0\u201cEl Coloso\u201d, reproch\u00f3 Cesar Jos\u00e9 Barrera.<br \/>\nLos locatarios de los mercados de artesan\u00edas de Caleta y Parazal, marchan para exigir a las autoridades municipales mayor seguridad en sus \u00e1reas de trabajo pues aseguran que las extorsiones contin\u00faan.<br \/>\nDesde la glorieta de La Diana Cazadora, los manifestantes enfilaron con rumbo al asta bandera, ubicada sobre la costera Miguel Alem\u00e1n, avanzado por los carriles hacia el centro de la ciudad.<br \/>\n\u201cEsta manifestaci\u00f3n es para solicitarles a los diputados federales y senadores nos puedan atender para que Acapulco pase a la tarifa m\u00e1s baja, pues Acapulco es una de las ciudades que tiene m\u00e1s de 28 grados, asimismo que nuestros cobros sean mensuales y no como se hace actualmente en forma bimestral.<br \/>\n\u201cHoy salimos a las calles a reclamar para que nuestras tarifas nos cobren lo justo, sentimos que es un robo en despoblado porque nunca le vamos a ganar a la Comisi\u00f3n (Federa de Electricidad), pues de 200 o 300 pesos que pag\u00e1bamos cualquier ama de casa hoy pagan mil 300, tres mil, y hasta 20 mil pesos\u201d, reproch\u00f3, Arturo Flores Mercado, l\u00edder de la coalici\u00f3n de organizaciones.<br \/>\nEl representante, Barrera Salgado, de cond\u00f3minos dijo que los altos cobros de la luz por parte de la CFE, iniciaron desde que se implement\u00f3 el servicio de telemedici\u00f3n, tambi\u00e9n conocido \u201cBramex\u201d, \u201cese servicio es un proyecto obsoleto en Brasil y se implement\u00f3 en el puerto, pero hay cobros injustificados\u201d, dijo.<br \/>\nA lo largo de protesta amas de casas, locatarios de mercados de artesan\u00edas y otros giros comerciales, mostraban cartulinas con diversas leyendas \u201cExigimos la tarifa de luz que le corresponde a Acapulco, CFE\u201d, \u201cNo a los medidores digitales de la CFE\u201d, \u201cExigimos tarifas reales\u201d.<br \/>\nTambi\u00e9n demandaron que se quiten los medidores digitales al tiempo que rechazan la tele medici\u00f3n, aseguran dicho sistema dispara el consumo de energ\u00eda el\u00e9ctrica, principalmente en las colonias populares.<br \/>\n\u201cCon esos medidores, no tenemos ning\u00fan derecho, en la Profeco no nos ayudan en nada, estamos en total estado de indefensi\u00f3n, porque si el aparato ese dice que consumimos 50 mil pesos, los tenemos que pagar.<br \/>\n\u201cUna casa de inter\u00e9s social, del Coloso o la Colosio, no pueden consumir esa cantidad de dinero en luz, ni las de las colonias populares, aunque tuviera aire acondicionado toda la casa, ya nos informamos y por eso queremos que regresen los medidores que ten\u00edamos antes\u201d, pidi\u00f3 Teresa Mart\u00ednez, habitante de la unidad habitacional Infonavit \u201cLuis Donaldo Colosio\u201d.<br \/>\nLa protesta arribo al asta bandera y posteriormente los manifestantes se retiraron, no sin antes advertir que volver\u00e1n a protestar.<\/p>\n","protected":false},"excerpt":{"rendered":"<p>Acapulco, Gro.- Comerciantes, amas de casa y locatarios de diferentes giros comerciales del puerto de Acapulco, marcharon contra los altos cobros en tarifas de energ\u00eda el\u00e9ctrica, predial y gasolina. \u201cTenemos&hellip; <\/p>\n","protected":false},"author":1,"featured_media":0,"comment_status":"open","ping_status":"open","sticky":false,"template":"","format":"standard","meta":{"fifu_image_url":"","fifu_image_alt":"","footnotes":""},"categories":[8,23],"tags":[],"class_list":["post-1489","post","type-post","status-publish","format-standard","hentry","category-featured","category-regionales"],"_links":{"self":[{"href":"https:\/\/www.interaccionnoticias.com.mx\/index.php?rest_route=\/wp\/v2\/posts\/1489","targetHints":{"allow":["GET"]}}],"collection":[{"href":"https:\/\/www.interaccionnoticias.com.mx\/index.php?rest_route=\/wp\/v2\/posts"}],"about":[{"href":"https:\/\/www.interaccionnoticias.com.mx\/index.php?rest_route=\/wp\/v2\/types\/post"}],"author":[{"embeddable":true,"href":"https:\/\/www.interaccionnoticias.com.mx\/index.php?rest_route=\/wp\/v2\/users\/1"}],"replies":[{"embeddable":true,"href":"https:\/\/www.interaccionnoticias.com.mx\/index.php?rest_route=%2Fwp%2Fv2%2Fcomments&post=1489"}],"version-history":[{"count":0,"href":"https:\/\/www.interaccionnoticias.com.mx\/index.php?rest_route=\/wp\/v2\/posts\/1489\/revisions"}],"wp:attachment":[{"href":"https:\/\/www.interaccionnoticias.com.mx\/index.php?rest_route=%2Fwp%2Fv2%2Fmedia&parent=1489"}],"wp:term":[{"taxonomy":"category","embeddable":true,"href":"https:\/\/www.interaccionnoticias.com.mx\/index.php?rest_route=%2Fwp%2Fv2%2Fcategories&post=1489"},{"taxonomy":"post_tag","embeddable":true,"href":"https:\/\/www.interaccionnoticias.com.mx\/index.php?rest_route=%2Fwp%2Fv2%2Ftags&post=1489"}],"curies":[{"name":"wp","href":"https:\/\/api.w.org\/{rel}","templated":true}]}}