{"id":1414,"date":"2017-01-19T11:16:54","date_gmt":"2017-01-19T17:16:54","guid":{"rendered":"http:\/\/www.inter-accion.com.mx\/?p=1414"},"modified":"2017-01-19T11:16:54","modified_gmt":"2017-01-19T17:16:54","slug":"a-partir-del-lunes-mochila-segura-en-las-siete-regiones","status":"publish","type":"post","link":"https:\/\/www.interaccionnoticias.com.mx\/?p=1414","title":{"rendered":"A partir del lunes, mochila segura en las siete regiones"},"content":{"rendered":"<p>El titular de la Secretar\u00eda de Educaci\u00f3n Guerrero (SEG), Jos\u00e9 Luis Gonz\u00e1lez de la Vega Otero confirm\u00f3 que a partir del lunes, en las siete regiones de la entidad se implementar\u00e1 el operativo Mochila Segura, con la intenci\u00f3n de evitar ataques armados entre integrantes de la comunidad escolar.<br \/>\nEn las instalaciones de la 35 Zona Militar, De la Vega Otero anticip\u00f3 que este d\u00eda se reunir\u00eda con el titular de la Secretar\u00eda de Seguridad P\u00fablica (SSP), el general Pedro Almaz\u00e1n Cervantes y el presidente de la Comisi\u00f3n Estatal de Derechos Humanos (CEDH) Ram\u00f3n Navarrete Magdaleno, para afinar los detalles.<br \/>\nLos operativos se implementar\u00e1n en las siete regiones, aunque admiti\u00f3 que con particular \u00e9nfasis en las ciudades de mayor concentraci\u00f3n de escuelas.<br \/>\nLos niveles a revisar ser\u00e1n primaria, secundaria y medio superior, que son los sectores m\u00e1s vulnerables en este tipo de asuntos.<br \/>\nHizo un llamado a los padres de familia para que colaboren con las autoridades respaldando la medida, en el entendido de que la intenci\u00f3n es proteger a sus hijos.<br \/>\nEn ocasiones pasadas, dijo que la implementaci\u00f3n del operativo ha producido el decomiso de armas blancas y punzocortantes, pero no armas de fuego, sin embargo insisti\u00f3 en la necesidad de prevenir ataques tr\u00e1gicos entre los estudiantes.<\/p>\n","protected":false},"excerpt":{"rendered":"<p>El titular de la Secretar\u00eda de Educaci\u00f3n Guerrero (SEG), Jos\u00e9 Luis Gonz\u00e1lez de la Vega Otero confirm\u00f3 que a partir del lunes, en las siete regiones de la entidad se&hellip; <\/p>\n","protected":false},"author":1,"featured_media":0,"comment_status":"open","ping_status":"open","sticky":false,"template":"","format":"standard","meta":{"fifu_image_url":"","fifu_image_alt":"","footnotes":""},"categories":[6,8],"tags":[],"class_list":["post-1414","post","type-post","status-publish","format-standard","hentry","category-educacion","category-featured"],"_links":{"self":[{"href":"https:\/\/www.interaccionnoticias.com.mx\/index.php?rest_route=\/wp\/v2\/posts\/1414","targetHints":{"allow":["GET"]}}],"collection":[{"href":"https:\/\/www.interaccionnoticias.com.mx\/index.php?rest_route=\/wp\/v2\/posts"}],"about":[{"href":"https:\/\/www.interaccionnoticias.com.mx\/index.php?rest_route=\/wp\/v2\/types\/post"}],"author":[{"embeddable":true,"href":"https:\/\/www.interaccionnoticias.com.mx\/index.php?rest_route=\/wp\/v2\/users\/1"}],"replies":[{"embeddable":true,"href":"https:\/\/www.interaccionnoticias.com.mx\/index.php?rest_route=%2Fwp%2Fv2%2Fcomments&post=1414"}],"version-history":[{"count":0,"href":"https:\/\/www.interaccionnoticias.com.mx\/index.php?rest_route=\/wp\/v2\/posts\/1414\/revisions"}],"wp:attachment":[{"href":"https:\/\/www.interaccionnoticias.com.mx\/index.php?rest_route=%2Fwp%2Fv2%2Fmedia&parent=1414"}],"wp:term":[{"taxonomy":"category","embeddable":true,"href":"https:\/\/www.interaccionnoticias.com.mx\/index.php?rest_route=%2Fwp%2Fv2%2Fcategories&post=1414"},{"taxonomy":"post_tag","embeddable":true,"href":"https:\/\/www.interaccionnoticias.com.mx\/index.php?rest_route=%2Fwp%2Fv2%2Ftags&post=1414"}],"curies":[{"name":"wp","href":"https:\/\/api.w.org\/{rel}","templated":true}]}}