{"id":1397,"date":"2017-01-18T18:35:41","date_gmt":"2017-01-19T00:35:41","guid":{"rendered":"http:\/\/www.inter-accion.com.mx\/?p=1397"},"modified":"2017-01-18T18:35:41","modified_gmt":"2017-01-19T00:35:41","slug":"instala-cepi-mesa-de-registro-de-candidatos-para-presidente-y-secretario-general-del-cde-del-pri-estatal","status":"publish","type":"post","link":"https:\/\/www.interaccionnoticias.com.mx\/?p=1397","title":{"rendered":"Instala CEPI mesa de registro de candidatos  para presidente y secretario general del CDE del PRI Estatal"},"content":{"rendered":"<div class=\"gmail_quote\">Con la presencia del presidente del CDE del PRI, Jos\u00e9 Parcero L\u00f3pez, la Comisi\u00f3n Estatal de Procesos Internos del partido tricolor, presidida por la diputada Ver\u00f3nica Mu\u00f1oz Parra, instalaron la mesa de registro para las f\u00f3rmulas que pudieran participar en el proceso electivo del nuevo presidente y secretario general del CDE, de acuerdo a la convocatoria.<\/div>\n<div class=\"gmail_quote\">Tras ser declarada formalmente la etapa de registro de candidatos, la presidenta del CEPI, Ver\u00f3nica Mu\u00f1oz Parra y el secretario t\u00e9cnico, Juan Agama Monta\u00f1o, junto con todos los integrantes esperaron hasta que a los pocos minutos llegaran a registrarse la f\u00f3rmula de candidatos integrada por Heriberto Huicochea V\u00e1zquez, para presidente, y Gabriela Bernal Res\u00e9ndiz, para secretaria general.<\/div>\n<div class=\"gmail_quote\">Al entregar la documentaci\u00f3n respectiva, de acuerdo a los estatutos y a la convocatoria expedida por el CEN del PRI, Huicochea V\u00e1zquez subray\u00f3 que: \u201ctenemos hoy al PRI en el gobierno, no somos el PRI en el gobierno, somos un partido que vamos a trabajar cerca del gobernador H\u00e9ctor Astudillo Flores, vamos a trabajar con \u00e9l porque en estos momentos H\u00e9ctor Astudillo Flores es el mejor activo del PRI y vamos a seguir luchando y trabajando con el gobernador H\u00e9ctor Astudillo Flores\u201d.<\/div>\n<div class=\"gmail_quote\">Poco antes, dijo: \u201c Gabriela Bernal Res\u00e9ndiz y un servidor nos sentimos muy emocionados y muy comprometidos por integrar esta f\u00f3rmula y poder competir en estos momentos de renovaci\u00f3n del partido para la presidencia y la secretar\u00eda general del Comit\u00e9 Directivo Estatal del PRI. Quiero comentar ante ustedes que hoy venimos a hacer uso de nuestros derechos pol\u00edticos y de nuestros derechos partidistas, y estamos atendiendo la convocatoria que expidi\u00f3 el Comit\u00e9 Ejecutivo Nacional en la que se desplegaron una serie de actividades y donde qued\u00f3 conformada la Comisi\u00f3n Estatal de Procesos Internos que atinadamente ha reca\u00eddo en la persona, de la doctora Ver\u00f3nica Mu\u00f1oz Parra, como presidenta de esta comisi\u00f3n\u201d.<\/div>\n<div class=\"gmail_quote\"><\/div>\n<div class=\"gmail_quote\">El candidato a la presidencia del PRI Guerrero destac\u00f3 que \u201cadem\u00e1s de cumplir con la igualdad de g\u00e9nero la candidata a la secretar\u00eda general del PRI es una mujer joven, tiene menos de 35 a\u00f1os tal como se establece en la convocatoria. Hoy tambi\u00e9n Gaby, representa no solamente a las mujeres y a los j\u00f3venes, tambi\u00e9n representa con su presencia en esta f\u00f3rmula a la ciudad y puerto de Acapulco, donde es originaria\u201d.<\/div>\n<div class=\"gmail_quote\"><\/div>\n<div class=\"gmail_quote\">Entre sus metas la f\u00f3rmula de los candidatos present\u00f3 un programa de trabajo, \u201ccon una propuesta muy importante para todos y todas las priistas, vamos a comenzar con\u00a0 todos los programas y trabajos que tienen que ver con la reestructuraci\u00f3n priista, desde las estructuras municipales vamos a vigilar que podamos cambiar los comit\u00e9s directivos municipales, los comit\u00e9s seccionales, all\u00e1 en los municipios, vamos a procurar hacer una campa\u00f1a de afiliaci\u00f3n pol\u00edtica y promoci\u00f3n pol\u00edtica permanente dentro del partido, vamos a trabajar, en caso de entrar en funciones este mes, acercarnos con toda la gente, vamos a visitar las regiones, vamos a estar en comunicaci\u00f3n permanente, para poder ir d\u00e1ndole celeridad a la modernizaci\u00f3n del partido\u201d.<\/div>\n<div class=\"gmail_quote\">En el t\u00e9rmino del horario estipulado por la convocatoria la jornada de registro se cerr\u00f3 y solo acudi\u00f3 una sola f\u00f3rmula a registrarse.\u00a0(<b>Inserci\u00f3n pagada por el CDE del PRI-GRO)<\/b><\/div>\n","protected":false},"excerpt":{"rendered":"<p>Con la presencia del presidente del CDE del PRI, Jos\u00e9 Parcero L\u00f3pez, la Comisi\u00f3n Estatal de Procesos Internos del partido tricolor, presidida por la diputada Ver\u00f3nica Mu\u00f1oz Parra, instalaron la&hellip; <\/p>\n","protected":false},"author":1,"featured_media":0,"comment_status":"open","ping_status":"open","sticky":false,"template":"","format":"standard","meta":{"fifu_image_url":"","fifu_image_alt":"","footnotes":""},"categories":[8,18],"tags":[],"class_list":["post-1397","post","type-post","status-publish","format-standard","hentry","category-featured","category-partidos-politicos"],"_links":{"self":[{"href":"https:\/\/www.interaccionnoticias.com.mx\/index.php?rest_route=\/wp\/v2\/posts\/1397","targetHints":{"allow":["GET"]}}],"collection":[{"href":"https:\/\/www.interaccionnoticias.com.mx\/index.php?rest_route=\/wp\/v2\/posts"}],"about":[{"href":"https:\/\/www.interaccionnoticias.com.mx\/index.php?rest_route=\/wp\/v2\/types\/post"}],"author":[{"embeddable":true,"href":"https:\/\/www.interaccionnoticias.com.mx\/index.php?rest_route=\/wp\/v2\/users\/1"}],"replies":[{"embeddable":true,"href":"https:\/\/www.interaccionnoticias.com.mx\/index.php?rest_route=%2Fwp%2Fv2%2Fcomments&post=1397"}],"version-history":[{"count":0,"href":"https:\/\/www.interaccionnoticias.com.mx\/index.php?rest_route=\/wp\/v2\/posts\/1397\/revisions"}],"wp:attachment":[{"href":"https:\/\/www.interaccionnoticias.com.mx\/index.php?rest_route=%2Fwp%2Fv2%2Fmedia&parent=1397"}],"wp:term":[{"taxonomy":"category","embeddable":true,"href":"https:\/\/www.interaccionnoticias.com.mx\/index.php?rest_route=%2Fwp%2Fv2%2Fcategories&post=1397"},{"taxonomy":"post_tag","embeddable":true,"href":"https:\/\/www.interaccionnoticias.com.mx\/index.php?rest_route=%2Fwp%2Fv2%2Ftags&post=1397"}],"curies":[{"name":"wp","href":"https:\/\/api.w.org\/{rel}","templated":true}]}}