{"id":1331,"date":"2017-01-14T22:15:16","date_gmt":"2017-01-15T04:15:16","guid":{"rendered":"http:\/\/www.inter-accion.com.mx\/?p=1331"},"modified":"2017-01-14T22:15:16","modified_gmt":"2017-01-15T04:15:16","slug":"la-guerra-del-opio-en-el-filo-mayor","status":"publish","type":"post","link":"https:\/\/www.interaccionnoticias.com.mx\/?p=1331","title":{"rendered":"La Guerra del Opio en el Filo Mayor"},"content":{"rendered":"<p>Van 10 muertos, tres desaparecidos y siete lesionados<br \/>\n&nbsp;<br \/>\nDesde la ma\u00f1ana del 14 de octubre de 2015, el c\u00e1rtel de Guerreros Unidos (GU) mantiene una campa\u00f1a violenta encaminada a controlar la Sierra del Filo Mayor, la zona de mayor producci\u00f3n de amapola en todo el pa\u00eds.<br \/>\nLos comisarios de 49 pueblos, ahora incorporados a una Asociaci\u00f3n Civil que en sus estatutos asegura pugnar por la paz, la seguridad p\u00fablica y el desarrollo social en las zonas m\u00e1s alejadas de los municipios de Chilpancingo, Heliodoro Castillo, Leonardo Bravo y Eduardo Neri, sostienen que no est\u00e1n dispuestos a vivir sometidos al inter\u00e9s del crimen organizado.<br \/>\nRecordaron que una c\u00e9lula importante del GU fue expulsada del Ejido de Carrizalillo en octubre de 2014, tras un operativo que realiz\u00f3 la Polic\u00eda Federal (PF) a partir de los ataques del 26 de septiembre en Iguala de la Independencia, cuando seis personas fueron abatidas y se desapareci\u00f3 a 43 estudiantes de la Normal Rural de Ayotzinapa.<br \/>\nLos representantes comunitarios de la zona del Filo Mayor, lamentaron que lejos de debilitarse por los sucesos registrados en Iguala, el GU tenga la capacidad para mantener una campa\u00f1a de expansi\u00f3n hacia la Sierra.<br \/>\nPor esa raz\u00f3n, advirtieron que si la Marina Armada y la Polic\u00eda Federal (PF) no intervienen, los pueblos afectados tendr\u00e1n que adoptar sus propios mecanismos de defensa.<br \/>\n&nbsp;<br \/>\nPrimero fue la FM, ahora el GU<br \/>\n&nbsp;<br \/>\nMario Guevara G\u00f3mez, comisariado de Bienes Comunales de Izotepec, municipio de Heliodoro Castillo, se\u00f1al\u00f3 que en dicho pueblo la violencia se recrudeci\u00f3 a partir del 25 de febrero pasado, cuando el comisario Tiburcio Moreno fue asesinado por \u00f3rdenes de Juan Castillo G\u00f3mez, un delincuente que tambi\u00e9n es conocido con el apodo de \u201cEl teniente\u201d.<br \/>\nGuevara G\u00f3mez solamente refiere que hubo un grupo de militares que lleg\u00f3 a la comunidad para solicitar informaci\u00f3n sobre la zona, \u201cEl teniente\u201d tuvo miedo de que lo denunciara y orden\u00f3 su ejecuci\u00f3n.<br \/>\nExplic\u00f3 que Juan Castillo es originario del Tecomazuchil, trabaja en coordinaci\u00f3n con otro delincuente de Villa X\u00f3chilt, una persona de la que solamente sabe que le apodan El Mexiquense, extienden su control hacia Ojo de Agua, con los hermanos de apellidos Baltazar Moreno y llegan hasta Polixtepec, en donde el poder estaba representado por los hermanos Angel y Efra\u00edn Villalobos.<br \/>\nLa suma del Teniente, los Baltazar Moreno y los Vilallobos representa el control de comunidades como Las Margaritas, El Encanto, Tecomazuhchil, Villa X\u00f3chilt, El Naranjo, Polixtepec y Corral de Piedra.<br \/>\nCrescencio Pacheco Gonz\u00e1lez, comisario de Filo de Caballos record\u00f3 que en 2013 se expuls\u00f3 de Campo de Aviaci\u00f3n a los integrantes de una c\u00e9lula delictiva que trabajaba para la Familia Michoacana (FM), recuerda que ten\u00edan el apellido Monta\u00f1o y que ten\u00edan como empleados a los herma os Villalobos de Polixtepec.<br \/>\nPara evitar que regresaran a Campo de Aviaci\u00f3n, pueblo que es paso obligado para subir a la Sierra, en 2013 los comisarios les quemaron varias casas de seguridad y constituyeron una Polic\u00eda Rural (PR) que est\u00e1 reconocida por el gobierno estatal.<br \/>\n\u201cLos Villalobos trabajaban para los Monta\u00f1o, eran una organizaci\u00f3n grande hasta que los pueblos se unieron y los sacaron de la zona, se fueron pero ahora est\u00e1n reagrupados, recibieron financiamiento y cambiaron de organizaci\u00f3n; ahora se asumen como Guerreros Unidos\u201d.<br \/>\n&nbsp;<br \/>\nD\u00edas de terror<br \/>\n&nbsp;<br \/>\nEl comisario Pacheco recuerda que la crispaci\u00f3n resurgi\u00f3 la ma\u00f1ana del pasado 14 de octubre, cuando en varios viajes de helic\u00f3ptero ingresaron m\u00e1s de 50 personas armadas hacia la parte alta de Puentecillas, localidad ubicada entre Filo de Caballos, El Ranchito y Polixtepec.<br \/>\n\u201cDesde lo alto del cerro dispararon contra el centro de Filo, nosotros pedimos que subiera el Ej\u00e9rcito y lo hicieron, recorrieron el \u00e1rea y detuvieron una persona, a la cual le encontraron siete armas; entre rifles R-15, AK-47 y un calibre 50\u201d.<br \/>\nExplic\u00f3 que hasta 2013, los hermanos Villalobos trabajaban para la FM, los pobladores de Filo de Caballos, Campo de Aviaci\u00f3n y Los Morros, entre otros pueblos les destruyeron varias casas de seguridad y los expulsaron, al paso del tiempo regresaron para asumirse como integrantes de Guerreros Unidos.<br \/>\nEn otras condiciones las pretensiones del GU no hubieran encontrado resistencia, sin embargo, el surgimiento de una asociaci\u00f3n que integra 49 pueblos en un solo frente les ha generado las condiciones para contener el avance de la organizaci\u00f3n delictiva y pedir el respaldo de las autoridades.<br \/>\nRecurrieron a la Uni\u00f3n de Pueblos y Organizaciones del Estado de Guerrero (UPOEG), cuya Polic\u00eda Ciudadana (PC) los confront\u00f3 en Polixtepec, El Naranjo y lleg\u00f3 hasta Izotepec.<br \/>\nSin embargo, considera que para reinstalar plenamente la tranquilidad se requiere del respaldo de la federaci\u00f3n.<br \/>\n&nbsp;<br \/>\nUrge la llegada de marinos y federales<br \/>\n&nbsp;<br \/>\nIsmael C\u00e1stulo Guzm\u00e1n, coordinador de la Polic\u00eda Rural (PR) en Los Morros, record\u00f3 que este mi\u00e9rcoles vencer\u00e1 el plazo de diez d\u00edas que se pact\u00f3 en Chilpancingo el 15 de noviembre.<br \/>\nReconoci\u00f3 que el gobierno estatal ha hecho lo que le corresponde, pues hasta el momento es la Fuerza Estatal (FE) la \u00fanica corporaci\u00f3n que ha intervenido para contener las agresiones, aunque no han tenido la movilidad necesaria para evitar hecho como los del domingo por la noche en Polixtepec.<br \/>\nAsumi\u00f3 que si la PF y Marina hubieran implementado la operaci\u00f3n conjunta que se anunci\u00f3 en la capital de Guerrero, en estos momentos no se tendr\u00eda que lamentar el ataque con granadas y la muerte de cuatro integrantes de una familia en Polixtepec.<br \/>\nPor esa raz\u00f3n, advirti\u00f3 que si no llegan los refuerzos de la federaci\u00f3n, los pobladores tendr\u00e1n que poner en marcha su propio plan de acci\u00f3n, porque no est\u00e1n dispuestos a vivir el sometimiento que en su momento padecieron los ejidatarios de El Carrizalillo.<br \/>\n&nbsp;<br \/>\nNecesario cambiar la actividad econ\u00f3mica<br \/>\n&nbsp;<br \/>\nPara Servando de Jes\u00fas Salgado, presidente de la Uni\u00f3n de Pueblos de la Sierra, lo que se vive en la zona es una lucha porque la delincuencia quiere controlar la zona de mayor producci\u00f3n de amapola en el pa\u00eds.<br \/>\nEn todo caso, dijo que de primera instancia se necesita del env\u00edo de las fuerzas federales para inhibir la violencia, pero tambi\u00e9n se debe hacer lo necesario por desplazar la siembra de enervantes como actividad productiva.<br \/>\n\u201cSi\u00a0 no cambiamos esa forma de hacer econom\u00eda la violencia seguir\u00e1, es necesario generar alternativas reales para que la gente obtenga ingresos completamente l\u00edcitos, si conseguimos avanzar en ese sentido, habremos dado un paso fundamental para abatir las confrontaciones\u201d, asever\u00f3.<br \/>\n&nbsp;<br \/>\nEl saldo<br \/>\n&nbsp;<br \/>\nDel 4 de\u00a0 noviembre a la fecha, en la Sierra se registra un saldo de 10 personas muertas a consecuencia de la escalada de violencia, hay tres desaparecidos y siete lesionados.<br \/>\nDos residencias en Polixtepec permanecen abandonadas, luego de que los Villalobos fueran expulsados de Polixtepec, en tanto que tres viviendas de la familia Barrag\u00e1n fueron reducidas a escombros.<br \/>\nLa escuela de dicha comunidad permanece cerrada, al igual que el Centro de Salud.<br \/>\nLos enfrentamientos se han registrado los d\u00edas 4, 6 y el 22 de noviembre, pero ante la no detenci\u00f3n de los hermanos Villalobos, los comisarios de la zona temen que el saldo en p\u00e9rdida de vidas y desaparecidos se incremente.<br \/>\nZona de los archivos adjuntos<\/p>\n","protected":false},"excerpt":{"rendered":"<p>Van 10 muertos, tres desaparecidos y siete lesionados &nbsp; Desde la ma\u00f1ana del 14 de octubre de 2015, el c\u00e1rtel de Guerreros Unidos (GU) mantiene una campa\u00f1a violenta encaminada a&hellip; <\/p>\n","protected":false},"author":1,"featured_media":0,"comment_status":"open","ping_status":"open","sticky":false,"template":"","format":"standard","meta":{"fifu_image_url":"","fifu_image_alt":"","footnotes":""},"categories":[8,24],"tags":[],"class_list":["post-1331","post","type-post","status-publish","format-standard","hentry","category-featured","category-reportajes"],"_links":{"self":[{"href":"https:\/\/www.interaccionnoticias.com.mx\/index.php?rest_route=\/wp\/v2\/posts\/1331","targetHints":{"allow":["GET"]}}],"collection":[{"href":"https:\/\/www.interaccionnoticias.com.mx\/index.php?rest_route=\/wp\/v2\/posts"}],"about":[{"href":"https:\/\/www.interaccionnoticias.com.mx\/index.php?rest_route=\/wp\/v2\/types\/post"}],"author":[{"embeddable":true,"href":"https:\/\/www.interaccionnoticias.com.mx\/index.php?rest_route=\/wp\/v2\/users\/1"}],"replies":[{"embeddable":true,"href":"https:\/\/www.interaccionnoticias.com.mx\/index.php?rest_route=%2Fwp%2Fv2%2Fcomments&post=1331"}],"version-history":[{"count":0,"href":"https:\/\/www.interaccionnoticias.com.mx\/index.php?rest_route=\/wp\/v2\/posts\/1331\/revisions"}],"wp:attachment":[{"href":"https:\/\/www.interaccionnoticias.com.mx\/index.php?rest_route=%2Fwp%2Fv2%2Fmedia&parent=1331"}],"wp:term":[{"taxonomy":"category","embeddable":true,"href":"https:\/\/www.interaccionnoticias.com.mx\/index.php?rest_route=%2Fwp%2Fv2%2Fcategories&post=1331"},{"taxonomy":"post_tag","embeddable":true,"href":"https:\/\/www.interaccionnoticias.com.mx\/index.php?rest_route=%2Fwp%2Fv2%2Ftags&post=1331"}],"curies":[{"name":"wp","href":"https:\/\/api.w.org\/{rel}","templated":true}]}}