{"id":1324,"date":"2017-01-14T22:07:19","date_gmt":"2017-01-15T04:07:19","guid":{"rendered":"http:\/\/www.inter-accion.com.mx\/?p=1324"},"modified":"2017-01-14T22:07:19","modified_gmt":"2017-01-15T04:07:19","slug":"polixtepec-y-la-batalla-mas-cruenta","status":"publish","type":"post","link":"https:\/\/www.interaccionnoticias.com.mx\/?p=1324","title":{"rendered":"Polixtepec y la batalla m\u00e1s cruenta"},"content":{"rendered":"<p>Relato de un sobreviviente<br \/>\nCarlos ser\u00e1 un nombre ficticio, lo utilizar\u00e1 un habitante de la Sierra del Filo Mayor para relatar algunos detalles sobre la confrontaci\u00f3n armada m\u00e1s cruenta que se recuerda en Polixtepec, pueblo que una c\u00e9lula de Guerreros Unidos tom\u00f3 como centro de operaciones, pero que desde la ma\u00f1ana del 6 de noviembre se convirti\u00f3 en un estrecho campo de batalla.<br \/>\nMoreno, robusto y de aproximados 1.75 de estatura, el hombre utiliza un par de muletas para sostenerse en pie, frecuentemente el rostro se le descompone a consecuencia del dolor que le genera una herida de bala en la pierna izquierda.<br \/>\nUna ojiva de R-15 le atraves\u00f3 la pierna, para su fortuna no toc\u00f3 hueso, en el hospital general de Chilpancingo le pronosticaron una recuperaci\u00f3n plena de por lo menos dos meses.<br \/>\nLa incursi\u00f3n, a petici\u00f3n de la familia del comisario abatido<br \/>\nCarlos recuerda que el operativo del viernes 6 de noviembre se desarroll\u00f3 aproximadamente a las 13:00 horas, a petici\u00f3n de las familias de Joaqu\u00edn Romero R\u00edos y V\u00edctor Gonz\u00e1lez Luna, el comisario y secretario que fueron acribillados dos d\u00edas antes.<br \/>\n\u201cAntes de entrar al pueblo, en una curva nos estaban esperando y nos emboscaron, nos dispararon con armas de diferente calibre, nosotros respondimos y logramos matarles a uno, entonces huyeron pudimos avanzar. En la entrada principal no estaban esperando otros dos en una camioneta BMW blindada\u201d.<br \/>\nContin\u00faa: \u201cEl blindaje de la camioneta era del bueno, no pudimos hacerle gran cosa, pero como ya estaban rodeados y no ten\u00edan para donde correr tuvieron que bajarse y alcanzaron a herir a varios, yo recib\u00ed un balazo de R-15 en la pierna\u201d.<br \/>\nEn una curva, 15 metros al frente de la casa del comisario abatido cayeron los dos presuntos pistoleros de los hermanos Efra\u00edn y Angel Villalobos, ten\u00edan fornituras de polic\u00eda, portaban armas largas y cortas.<br \/>\nEn la escena del segundo enfrentamiento a\u00fan se observan cascajos de R-15. AK-47 y escopetas de diferente calibre.<br \/>\n\u201cLos abatimos y avanzamos hacia la casa principal, que es donde nos dijeron que estaban los Villalobos, es una construcci\u00f3n de tres pisos rodeada con paredes de m\u00e1s de diez metros de alto, sus ladrillos est\u00e1n pintados en color rojo con rayas blancas, sus portones reforzados no los pudimos tumbar, debimos violar las chapas para poder entrar\u201d.<br \/>\nAl cruzar la puerta principal encontraron una cochera con ocho unidades de lujo, entre ellas un Minicooper de modelo reciente, una camioneta Mercedes Benz y una Suburban.<br \/>\nEl resto de la c\u00e9lula no hizo frente, se retir\u00f3 del lugar y de acuerdo a los integrantes de la Uni\u00f3n de Pueblos y Organizaciones del Estado de Guerrero (UPOEG), permanecen refugiados en Ojo de Agua.<br \/>\n\u201cPor lo que encontramos, podemos ver que ten\u00edan un estilo de vida muy bueno. Diferente al que tenemos la gran mayor\u00eda de los habitantes de estos pueblos, hay que ver nada m\u00e1s sus carros, cuando lo que se utiliza son camionetas Nissan de trabajo y dobles rodada, para cuando la capacidad de carga y los caminos de terracer\u00eda lo exigen\u201d.<br \/>\nEn la mayor parte de la casa grande los pisos son de m\u00e1rmol, en la base de una figura de San Gabriel Arcangel descubrieron un dep\u00f3sito para esconder armas, cartuchos y droga ya procesada, lista para comercializarse.<br \/>\nEn una de las habitaciones, encerrados con llave ubicaron a una mujer con dos ni\u00f1os de 7 y 12 a\u00f1os de edad, dijeron que estaban secuestrados y les pidieron ayuda para regresar con sus familias.<br \/>\nEn el dep\u00f3sito ubicado en la imagen del arc\u00e1ngel hab\u00eda 2 rifles R-15, un AK.47 y un calibre 50, de los que se utilizan para perforar cualquier tipo de blindaje.<br \/>\nHab\u00eda tambi\u00e9n muchos recipientes con qu\u00edmicos para procesar droga.<br \/>\nEn las partes altas de la residencia se observaron luminarias de largo alcance, estas se\u00f1alaban hacia los cerros y la entrada del pueblo, para evitar cualquier ataque sorpresa durante las noches.<br \/>\nCarlos es originario de la Sierra, recientemente se incorpor\u00f3 a la UPOEG, explica que fueron cien los comunitarios que participaron en la toma de Polixtepec, la mayor\u00eda utiliz\u00f3 escopetas y rifles calibre 22.<br \/>\nTienen sicarios a la fuerza<br \/>\nEntre las razones por las que los hombres de los Villalobos se retiraron sin ofrecer m\u00e1s pelea, dijo que est\u00e1 el hecho de que no todos est\u00e1n de su lado por gusto.<br \/>\n\u201cSabemos que hay gente que tienen a la fuerza, los tienen amenazados y les dicen que si no trabajan para ellos matar\u00e1n a sus familias\u201d.<br \/>\nAsume que sinti\u00f3 mucha impotencia durante la confrontaci\u00f3n del 12 de noviembre en Ojo de Agua, pues debido a la herida no pudo acudir a respaldar a sus compa\u00f1eros, cuando fueron desarmados por personal militar y emboscados por pistoleros de los Villalobos, que ahora trabajan para Guerreros Unidos.<br \/>\nOjo de Agua se ubica a cinco minutos de Polixtepec, para llegar se recorre un camino de terracer\u00eda, Carlos asegura que desde ah\u00ed se mantienen las operaciones de los Villalobos, por eso pudieron regresar la noche del domingo 22 para matar a cuatro personas, dos varones y dos mujeres.<br \/>\nPor eso asume: \u201cMientras no se les detenga y remita ante las autoridades, existe el riesgo de que sigan matando gente, principalmente inocentes\u201d.<br \/>\nLa influencia de los expulsados de Polixtepec se extiende hacia Villa X\u00f3chilt, Tecomazuchil, La Villa y El Naranjo.<br \/>\nEn esas zonas, reconoce que hay la posibilidad de m\u00e1s brotes de violencia, por esa raz\u00f3n insiste en la necesidad de que la federaci\u00f3n suba para tomar el control de los caminos, ubique a las c\u00e9lulas delictivas y procure su desarticulaci\u00f3n.<\/p>\n","protected":false},"excerpt":{"rendered":"<p>Relato de un sobreviviente Carlos ser\u00e1 un nombre ficticio, lo utilizar\u00e1 un habitante de la Sierra del Filo Mayor para relatar algunos detalles sobre la confrontaci\u00f3n armada m\u00e1s cruenta que&hellip; <\/p>\n","protected":false},"author":1,"featured_media":0,"comment_status":"open","ping_status":"open","sticky":false,"template":"","format":"standard","meta":{"fifu_image_url":"","fifu_image_alt":"","footnotes":""},"categories":[4,8],"tags":[],"class_list":["post-1324","post","type-post","status-publish","format-standard","hentry","category-cronicas","category-featured"],"_links":{"self":[{"href":"https:\/\/www.interaccionnoticias.com.mx\/index.php?rest_route=\/wp\/v2\/posts\/1324","targetHints":{"allow":["GET"]}}],"collection":[{"href":"https:\/\/www.interaccionnoticias.com.mx\/index.php?rest_route=\/wp\/v2\/posts"}],"about":[{"href":"https:\/\/www.interaccionnoticias.com.mx\/index.php?rest_route=\/wp\/v2\/types\/post"}],"author":[{"embeddable":true,"href":"https:\/\/www.interaccionnoticias.com.mx\/index.php?rest_route=\/wp\/v2\/users\/1"}],"replies":[{"embeddable":true,"href":"https:\/\/www.interaccionnoticias.com.mx\/index.php?rest_route=%2Fwp%2Fv2%2Fcomments&post=1324"}],"version-history":[{"count":0,"href":"https:\/\/www.interaccionnoticias.com.mx\/index.php?rest_route=\/wp\/v2\/posts\/1324\/revisions"}],"wp:attachment":[{"href":"https:\/\/www.interaccionnoticias.com.mx\/index.php?rest_route=%2Fwp%2Fv2%2Fmedia&parent=1324"}],"wp:term":[{"taxonomy":"category","embeddable":true,"href":"https:\/\/www.interaccionnoticias.com.mx\/index.php?rest_route=%2Fwp%2Fv2%2Fcategories&post=1324"},{"taxonomy":"post_tag","embeddable":true,"href":"https:\/\/www.interaccionnoticias.com.mx\/index.php?rest_route=%2Fwp%2Fv2%2Ftags&post=1324"}],"curies":[{"name":"wp","href":"https:\/\/api.w.org\/{rel}","templated":true}]}}