{"id":12574,"date":"2018-02-25T19:39:11","date_gmt":"2018-02-26T01:39:11","guid":{"rendered":"http:\/\/www.inter-accion.com.mx\/?p=12574"},"modified":"2018-02-25T19:39:11","modified_gmt":"2018-02-26T01:39:11","slug":"mala-inversion-los-seis-millones-destinados-al-panteon-ministerial","status":"publish","type":"post","link":"https:\/\/www.interaccionnoticias.com.mx\/?p=12574","title":{"rendered":"Mala inversi\u00f3n, los seis millones destinados al pante\u00f3n Ministerial"},"content":{"rendered":"<p class=\"m_3900447562935978206x_MsoNormal\"><span lang=\"ES\">Para los familiares de personas desaparecidas, los seis millones destinados a la construcci\u00f3n del Pante\u00f3n Ministerial representan una mala inversi\u00f3n por parte de la Fiscal\u00eda General del Estado (FGE), pues bien pudieron ayudar en la identificaci\u00f3n de los cad\u00e1veres que saturan las instalaciones del Servicio M\u00e9dico Forense (Semefo).<\/span><\/p>\n<p class=\"m_3900447562935978206x_MsoNormal\"><span lang=\"ES\">Mar\u00eda Guadalupe Rodr\u00edguez Narciso, representante del Colectivo de Desaparecidos y Asesinados de Chilpancingo, sostiene que el Pante\u00f3n Ministerial que opera con el auspicio de la FGE y la Secretar\u00eda de Salud (Ssa) no es necesario, pues lo m\u00e1s correcto era trabajar directamente en la identificaci\u00f3n de los cad\u00e1veres que permanecen apilados en las instalaciones del forense.<\/span><\/p>\n<p class=\"m_3900447562935978206x_MsoNormal\"><span lang=\"ES\">El jueves de la semana pasada, Heriberto Huicochea V\u00e1zquez, uno de los socios del pante\u00f3n privado La Paz, indic\u00f3 que el monto global de recurso que se invertir\u00e1 en el Pante\u00f3n Ministerial es de poco m\u00e1s de seis millones de pesos, consta de siete m\u00f3dulos con capacidad para resguardar 280 cad\u00e1veres no reclamados, cuidando un procedimiento que permite mantener a salvo las caracter\u00edsticas de los cuerpos ah\u00ed depositados, con la informaci\u00f3n necesaria para facilitar su identificaci\u00f3n.&nbsp;&nbsp;<\/span><\/p>\n<p class=\"m_3900447562935978206x_MsoNormal\"><span lang=\"ES\">Pese al monto global del proyecto, Huicochea V\u00e1zquez sostiene que hasta el momento solo se ha cubierto un recurso que no supera el mill\u00f3n 200&nbsp;&nbsp;mil pesos, cantidad que se ha utilizado para habilitar calles y levantar los m\u00f3dulos.<\/span><\/p>\n<p class=\"m_3900447562935978206x_MsoNormal\"><span lang=\"ES\">Rodr\u00edguez Narciso insiste en que dicho Pante\u00f3n Ministerial, aunque se diga que es \u00fanico en su tipo a nivel nacional, en realidad es una obra que resulta ociosa, pues el dinero invertido en \u00e9l bien se pudo utilizar para costear los perfiles gen\u00e9ticos que son indispensables para identificar los cad\u00e1veres que est\u00e1n amontonados en el forense.<\/span><\/p>\n<p class=\"m_3900447562935978206x_MsoNormal\"><span lang=\"ES\">\u201cEse dinero se debi\u00f3 aplicar en reactivos para hacer las pruebas de ADN, porque as\u00ed menos vamos a encontrar a los desaparecidos\u201d, anot\u00f3.<\/span><\/p>\n<p class=\"m_3900447562935978206x_MsoNormal\"><span lang=\"ES\">Record\u00f3 que en laboratorios particulares, un perfil gen\u00e9tico tiene un costo de aproximados 10 mil pesos, raz\u00f3n por la que el dinero utilizado para e Pante\u00f3n Ministerial hubiera sido determinante para darle identidad a los cad\u00e1veres no reclamados.<\/span><\/p>\n<p class=\"m_3900447562935978206x_MsoNormal\"><span lang=\"ES\">Hasta el momento, dijo que con el trabajo de la Polic\u00eda Federal Cient\u00edfica se ha logrado la identificaci\u00f3n de al menos seis cad\u00e1veres que permanec\u00edan desde hace varios a\u00f1os en el Semefo de Chilpancingo.<\/span><\/p>\n<p class=\"m_3900447562935978206x_MsoNormal\"><span lang=\"ES\">Lament\u00f3 que hasta el momento las autoridades locales no le hayan dado el inter\u00e9s que debe tener la b\u00fasqueda de los desaparecidos en Guerrero.<\/span><\/p>\n<p class=\"m_3900447562935978206x_MsoNormal\"><span lang=\"ES\">&nbsp;&nbsp;&nbsp;&nbsp;&nbsp;&nbsp;&nbsp;&nbsp;<\/span><\/p>\n","protected":false},"excerpt":{"rendered":"<p>Para los familiares de personas desaparecidas, los seis millones destinados a la construcci\u00f3n del Pante\u00f3n Ministerial representan una mala inversi\u00f3n por parte de la Fiscal\u00eda General del Estado (FGE), pues&hellip; <\/p>\n","protected":false},"author":1,"featured_media":0,"comment_status":"closed","ping_status":"closed","sticky":false,"template":"","format":"standard","meta":{"fifu_image_url":"","fifu_image_alt":"","footnotes":""},"categories":[8,15],"tags":[],"class_list":["post-12574","post","type-post","status-publish","format-standard","hentry","category-featured","category-movimientos-sociales"],"_links":{"self":[{"href":"https:\/\/www.interaccionnoticias.com.mx\/index.php?rest_route=\/wp\/v2\/posts\/12574","targetHints":{"allow":["GET"]}}],"collection":[{"href":"https:\/\/www.interaccionnoticias.com.mx\/index.php?rest_route=\/wp\/v2\/posts"}],"about":[{"href":"https:\/\/www.interaccionnoticias.com.mx\/index.php?rest_route=\/wp\/v2\/types\/post"}],"author":[{"embeddable":true,"href":"https:\/\/www.interaccionnoticias.com.mx\/index.php?rest_route=\/wp\/v2\/users\/1"}],"replies":[{"embeddable":true,"href":"https:\/\/www.interaccionnoticias.com.mx\/index.php?rest_route=%2Fwp%2Fv2%2Fcomments&post=12574"}],"version-history":[{"count":0,"href":"https:\/\/www.interaccionnoticias.com.mx\/index.php?rest_route=\/wp\/v2\/posts\/12574\/revisions"}],"wp:attachment":[{"href":"https:\/\/www.interaccionnoticias.com.mx\/index.php?rest_route=%2Fwp%2Fv2%2Fmedia&parent=12574"}],"wp:term":[{"taxonomy":"category","embeddable":true,"href":"https:\/\/www.interaccionnoticias.com.mx\/index.php?rest_route=%2Fwp%2Fv2%2Fcategories&post=12574"},{"taxonomy":"post_tag","embeddable":true,"href":"https:\/\/www.interaccionnoticias.com.mx\/index.php?rest_route=%2Fwp%2Fv2%2Ftags&post=12574"}],"curies":[{"name":"wp","href":"https:\/\/api.w.org\/{rel}","templated":true}]}}