{"id":11598,"date":"2018-01-19T15:14:12","date_gmt":"2018-01-19T21:14:12","guid":{"rendered":"http:\/\/www.inter-accion.com.mx\/?p=11598"},"modified":"2018-01-19T15:14:12","modified_gmt":"2018-01-19T21:14:12","slug":"primeros-cambios-en-el-gobierno-de-hector-astudillo","status":"publish","type":"post","link":"https:\/\/www.interaccionnoticias.com.mx\/?p=11598","title":{"rendered":"Primeros cambios en el gobierno de H\u00e9ctor Astudillo"},"content":{"rendered":"<p>La tarde del viernes 19 de enero, el gobernador H\u00e9ctor Astudillo Flores dio a conocer los primeros dos movimientos en su administraci\u00f3n; C\u00e9sar Armenta Adame renunci\u00f3 a la Secretar\u00eda Particular y Rosa In\u00e9s de la O Garc\u00eda fue separada de la Secretar\u00eda de la Mujer (SEMUJER).<br \/>\nEn el sal\u00f3n Vicente Guerrero, ubicado en el edificio Centro del Palacio de Gobierno, Astudillo Flores inform\u00f3 que este viernes acept\u00f3 la renuncia del arquitecto Armenta Adame, quien desde el inicio de su mandato se desempe\u00f1aba como su secretario particular.<br \/>\nEn su lugar tom\u00f3 protesta a la economista Celia Quiroz Vargas, quien ha sido colaboradora cercana desde hace m\u00e1s de 26 a\u00f1os.<br \/>\nEl mandatario estatal reconoci\u00f3 que Armenta se ha desempe\u00f1ado con lealtad y eficacia, por lo que le dese\u00f3 suerte en el proyecto pol\u00edtico que habr\u00e1 de seguir en el futuro inmediato.<br \/>\nEn la Secretar\u00eda de la Mujer fue separada Rosa In\u00e9s de la 0 Garc\u00eda, por lo que asumi\u00f3 la titularidad la abogada Mayra Mart\u00ednez Pineda, quien ya se desempe\u00f1aba como subsecretaria en la misma dependencia.<br \/>\nAstudillo destac\u00f3 que se esperan m\u00e1s movimientos para el pr\u00f3ximo lunes, pero no adelant\u00f3 los nombres de los funcionarios que saldr\u00e1n del gabinete estatal.<\/p>\n","protected":false},"excerpt":{"rendered":"<p>La tarde del viernes 19 de enero, el gobernador H\u00e9ctor Astudillo Flores dio a conocer los primeros dos movimientos en su administraci\u00f3n; C\u00e9sar Armenta Adame renunci\u00f3 a la Secretar\u00eda Particular&hellip; <\/p>\n","protected":false},"author":1,"featured_media":0,"comment_status":"closed","ping_status":"closed","sticky":false,"template":"","format":"standard","meta":{"fifu_image_url":"","fifu_image_alt":"","footnotes":""},"categories":[8,11],"tags":[],"class_list":["post-11598","post","type-post","status-publish","format-standard","hentry","category-featured","category-guerrero"],"_links":{"self":[{"href":"https:\/\/www.interaccionnoticias.com.mx\/index.php?rest_route=\/wp\/v2\/posts\/11598","targetHints":{"allow":["GET"]}}],"collection":[{"href":"https:\/\/www.interaccionnoticias.com.mx\/index.php?rest_route=\/wp\/v2\/posts"}],"about":[{"href":"https:\/\/www.interaccionnoticias.com.mx\/index.php?rest_route=\/wp\/v2\/types\/post"}],"author":[{"embeddable":true,"href":"https:\/\/www.interaccionnoticias.com.mx\/index.php?rest_route=\/wp\/v2\/users\/1"}],"replies":[{"embeddable":true,"href":"https:\/\/www.interaccionnoticias.com.mx\/index.php?rest_route=%2Fwp%2Fv2%2Fcomments&post=11598"}],"version-history":[{"count":0,"href":"https:\/\/www.interaccionnoticias.com.mx\/index.php?rest_route=\/wp\/v2\/posts\/11598\/revisions"}],"wp:attachment":[{"href":"https:\/\/www.interaccionnoticias.com.mx\/index.php?rest_route=%2Fwp%2Fv2%2Fmedia&parent=11598"}],"wp:term":[{"taxonomy":"category","embeddable":true,"href":"https:\/\/www.interaccionnoticias.com.mx\/index.php?rest_route=%2Fwp%2Fv2%2Fcategories&post=11598"},{"taxonomy":"post_tag","embeddable":true,"href":"https:\/\/www.interaccionnoticias.com.mx\/index.php?rest_route=%2Fwp%2Fv2%2Ftags&post=11598"}],"curies":[{"name":"wp","href":"https:\/\/api.w.org\/{rel}","templated":true}]}}