{"id":11577,"date":"2018-01-18T18:17:54","date_gmt":"2018-01-19T00:17:54","guid":{"rendered":"http:\/\/www.inter-accion.com.mx\/?p=11577"},"modified":"2018-01-18T18:17:54","modified_gmt":"2018-01-19T00:17:54","slug":"gobernador-anticipa-no-tolerara-abusos-ni-excesos-de-nadie","status":"publish","type":"post","link":"https:\/\/www.interaccionnoticias.com.mx\/?p=11577","title":{"rendered":"Gobernador anticipa no tolerar\u00e1 abusos ni excesos de nadie"},"content":{"rendered":"<div id=\"m3401\" class=\"mail-message expanded\">\n<div class=\"mail-message-content collapsible zoom-normal mail-show-images m1610bc2eb858e3cb\">\n<div class=\"clear\">\n<div dir=\"ltr\">\n<div id=\"m_-3426488585958983355divtagdefaultwrapper\" dir=\"ltr\">\n<div dir=\"ltr\">\n<div id=\"m_-3426488585958983355x_divtagdefaultwrapper\" dir=\"ltr\">\nTambi\u00e9n aclara que no es generador de conflictos&nbsp;<\/p>\n<p class=\"m_-3426488585958983355x_MsoNormal\">El gobernador H\u00e9ctor Astudillo Flores sostuvo que no genera ni busca conflictos, tambi\u00e9n aclar\u00f3 que no tolerar\u00e1 los excesos de nadie.<\/p>\n<p class=\"m_-3426488585958983355x_MsoNormal\">Durante inauguraci\u00f3n de los trabajos de remodelaci\u00f3n del Instituto Guerrerense de Infraestructura Escolar del Estado de Guerrero (IGIFE), Astudillo Flores habl\u00f3 sobre los 27 meses que lleva al frente del Poder Ejecutivo local.<\/p>\n<p class=\"m_-3426488585958983355x_MsoNormal\">De entrada, dijo que asumi\u00f3 el gobierno en medio de<\/p>\n<p class=\"m_-3426488585958983355x_MsoNormal\">La mayor crisis que se ha vivido en el estado de Guerrero, con la certeza de que al equipo que le acompa\u00f1a le toc\u00f3 el tiempo m\u00e1s dif\u00edcil en diferentes \u00e1mbitos.<\/p>\n<p class=\"m_-3426488585958983355x_MsoNormal\">\u201cSiempre entendimos que iba a ser dif\u00edcil, pero tambi\u00e9n debo decir que las instituciones funcionan; que el Poder Judicial, Legislativo y las delegaciones trabajan con normalidad\u201d, apunt\u00f3.<\/p>\n<p class=\"m_-3426488585958983355x_MsoNormal\">Contra muchos pron\u00f3sticos, manifest\u00f3 que se logr\u00f3 tener un buen cierre en los a\u00f1os 2015, 2016 y 2017.<\/p>\n<p class=\"m_-3426488585958983355x_MsoNormal\">En los 27 meses que lleva de mandato, sostuvo que ha tenido satisfacciones y tambi\u00e9n muchas insatisfacciones.<\/p>\n<p class=\"m_-3426488585958983355x_MsoNormal\">\u201cHemos tenido momento \u2013no muchos- de alegr\u00edas y s\u00ed muchos de preocupaciones, as\u00ed como de ocupaciones por las circunstancias que amanece, atardece y anochece en el estado\u201d, asever\u00f3.<\/p>\n<p class=\"m_-3426488585958983355x_MsoNormal\">Pese a lo complicado del panorama, Astudillo expuso que hay avances importantes en lo que va de su gobierno, lo que es consecuencia de trabajar siempre con una valoraci\u00f3n previa y el reconocimiento de la realidad que se enfrenta.<\/p>\n<p class=\"m_-3426488585958983355x_MsoNormal\">Agreg\u00f3: \u201cEl gobernador no es factor de conflicto; no ando buscando pleito con nadie y no busco confrontaciones con nadie. Lo que he tratado es que, a quienes quieren conflicto, que en e conflicto encuentren tambi\u00e9n su esquema de trabajo\u201d.<\/p>\n<p class=\"m_-3426488585958983355x_MsoNormal\">Apunt\u00f3: \u201cPero no es el gobernador quien anda secundando conflictos ni tolerando tambi\u00e9n excesos de nadie\u201d.<\/p>\n<p class=\"m_-3426488585958983355x_MsoNormal\">Consider\u00f3 que lo ideal ser\u00eda estar en la media nacional en todos los temas, lo que no ha sido posible por el problema de violencia que se arrastra en diferentes regiones.<\/p>\n<p class=\"m_-3426488585958983355x_MsoNormal\">Sin embargo, destac\u00f3 que si se realiza una revisi\u00f3n detallada de las mediciones que hay a nivel nacional, se tendr\u00e1 como resultado el hecho de que en otras entidades la violencia creci\u00f3 en 2017 hasta en un 200 por ciento, mientras que en Guerrero la situaci\u00f3n se contuvo.<\/p>\n<p class=\"m_-3426488585958983355x_MsoNormal\">Reconoci\u00f3 que es f\u00e1cil decir que los indicadores de violencia se mantienen estables, pero sostuvo que para conseguirlo se necesita estar pendiente todos los d\u00edas de lo que sucede en cada uno de los 81 municipios.<\/p>\n<\/div>\n<\/div>\n<\/div>\n<\/div>\n<\/div>\n<\/div>\n<div class=\"mail-message-footer spacer collapsible\">&nbsp;<\/div>\n<\/div>\n","protected":false},"excerpt":{"rendered":"<p>Tambi\u00e9n aclara que no es generador de conflictos&nbsp; El gobernador H\u00e9ctor Astudillo Flores sostuvo que no genera ni busca conflictos, tambi\u00e9n aclar\u00f3 que no tolerar\u00e1 los excesos de nadie. Durante&hellip; <\/p>\n","protected":false},"author":1,"featured_media":0,"comment_status":"closed","ping_status":"closed","sticky":false,"template":"","format":"standard","meta":{"fifu_image_url":"","fifu_image_alt":"","footnotes":""},"categories":[8,11],"tags":[],"class_list":["post-11577","post","type-post","status-publish","format-standard","hentry","category-featured","category-guerrero"],"_links":{"self":[{"href":"https:\/\/www.interaccionnoticias.com.mx\/index.php?rest_route=\/wp\/v2\/posts\/11577","targetHints":{"allow":["GET"]}}],"collection":[{"href":"https:\/\/www.interaccionnoticias.com.mx\/index.php?rest_route=\/wp\/v2\/posts"}],"about":[{"href":"https:\/\/www.interaccionnoticias.com.mx\/index.php?rest_route=\/wp\/v2\/types\/post"}],"author":[{"embeddable":true,"href":"https:\/\/www.interaccionnoticias.com.mx\/index.php?rest_route=\/wp\/v2\/users\/1"}],"replies":[{"embeddable":true,"href":"https:\/\/www.interaccionnoticias.com.mx\/index.php?rest_route=%2Fwp%2Fv2%2Fcomments&post=11577"}],"version-history":[{"count":0,"href":"https:\/\/www.interaccionnoticias.com.mx\/index.php?rest_route=\/wp\/v2\/posts\/11577\/revisions"}],"wp:attachment":[{"href":"https:\/\/www.interaccionnoticias.com.mx\/index.php?rest_route=%2Fwp%2Fv2%2Fmedia&parent=11577"}],"wp:term":[{"taxonomy":"category","embeddable":true,"href":"https:\/\/www.interaccionnoticias.com.mx\/index.php?rest_route=%2Fwp%2Fv2%2Fcategories&post=11577"},{"taxonomy":"post_tag","embeddable":true,"href":"https:\/\/www.interaccionnoticias.com.mx\/index.php?rest_route=%2Fwp%2Fv2%2Ftags&post=11577"}],"curies":[{"name":"wp","href":"https:\/\/api.w.org\/{rel}","templated":true}]}}