{"id":11459,"date":"2018-01-15T18:27:43","date_gmt":"2018-01-16T00:27:43","guid":{"rendered":"http:\/\/www.inter-accion.com.mx\/?p=11459"},"modified":"2018-01-15T18:27:43","modified_gmt":"2018-01-16T00:27:43","slug":"familiares-de-las-victimas-de-la-concepcion-protestan-en-el-penal-de-acapulco","status":"publish","type":"post","link":"https:\/\/www.interaccionnoticias.com.mx\/?p=11459","title":{"rendered":"Familiares de las v\u00edctimas de La Concepci\u00f3n protestan en el penal de Acapulco"},"content":{"rendered":"<p><br \/>\nAcapulco, Gro.- Medio centenar de familiares y desplazados de la comunidad rural de La Concepci\u00f3n, realizan una protesta en el acceso al penal estatal de Las Cruces en Acapulco.<br \/>\nDemandan que a los jueces que niguen la libertad a los hermanos Marco Antonio y Vicente Su\u00e1stegui Mu\u00f1oz, y piden que lo manden a la c\u00e1rcel federal de Nayarit \u00abde donde nunca debi\u00f3 haber salido\u00bb, reclam\u00f3 Mauro Gallegos Salgado.<br \/>\n\u00abPedirle a las autoridades del gobierno que no liberen a este se\u00f1or, porque lo \u00fanico que ha hecho en los Bienes Comunales (de Cacahuatepec) es agredir, lesionar y asesinar a comuneros.<br \/>\n\u00abA todas las organizaciones sociales a todos los que se creen luchadores sociales que entren a los Bienes Comunales, ser\u00e1n bien recibidos para que sepan la verdad y que es lo que sucedi\u00f3 y no nada m\u00e1s crean lo que dice ese psic\u00f3pata de Marco Antonio Su\u00e1stegi\u00bb, dijo en el acceso principal del penal de Las Cruces.<\/p>\n","protected":false},"excerpt":{"rendered":"<p>Acapulco, Gro.- Medio centenar de familiares y desplazados de la comunidad rural de La Concepci\u00f3n, realizan una protesta en el acceso al penal estatal de Las Cruces en Acapulco. Demandan&hellip; <\/p>\n","protected":false},"author":1,"featured_media":0,"comment_status":"closed","ping_status":"closed","sticky":false,"template":"","format":"standard","meta":{"fifu_image_url":"","fifu_image_alt":"","footnotes":""},"categories":[8,15],"tags":[],"class_list":["post-11459","post","type-post","status-publish","format-standard","hentry","category-featured","category-movimientos-sociales"],"_links":{"self":[{"href":"https:\/\/www.interaccionnoticias.com.mx\/index.php?rest_route=\/wp\/v2\/posts\/11459","targetHints":{"allow":["GET"]}}],"collection":[{"href":"https:\/\/www.interaccionnoticias.com.mx\/index.php?rest_route=\/wp\/v2\/posts"}],"about":[{"href":"https:\/\/www.interaccionnoticias.com.mx\/index.php?rest_route=\/wp\/v2\/types\/post"}],"author":[{"embeddable":true,"href":"https:\/\/www.interaccionnoticias.com.mx\/index.php?rest_route=\/wp\/v2\/users\/1"}],"replies":[{"embeddable":true,"href":"https:\/\/www.interaccionnoticias.com.mx\/index.php?rest_route=%2Fwp%2Fv2%2Fcomments&post=11459"}],"version-history":[{"count":0,"href":"https:\/\/www.interaccionnoticias.com.mx\/index.php?rest_route=\/wp\/v2\/posts\/11459\/revisions"}],"wp:attachment":[{"href":"https:\/\/www.interaccionnoticias.com.mx\/index.php?rest_route=%2Fwp%2Fv2%2Fmedia&parent=11459"}],"wp:term":[{"taxonomy":"category","embeddable":true,"href":"https:\/\/www.interaccionnoticias.com.mx\/index.php?rest_route=%2Fwp%2Fv2%2Fcategories&post=11459"},{"taxonomy":"post_tag","embeddable":true,"href":"https:\/\/www.interaccionnoticias.com.mx\/index.php?rest_route=%2Fwp%2Fv2%2Ftags&post=11459"}],"curies":[{"name":"wp","href":"https:\/\/api.w.org\/{rel}","templated":true}]}}