{"id":11450,"date":"2018-01-15T12:24:07","date_gmt":"2018-01-15T18:24:07","guid":{"rendered":"http:\/\/www.inter-accion.com.mx\/?p=11450"},"modified":"2018-01-15T12:24:07","modified_gmt":"2018-01-15T18:24:07","slug":"le-dictan-auto-de-formal-prision-a-willy-reyes-ramos","status":"publish","type":"post","link":"https:\/\/www.interaccionnoticias.com.mx\/?p=11450","title":{"rendered":"Le dictan Auto de Formal prisi\u00f3n a Willy Reyes Ramos"},"content":{"rendered":"<p><strong>Por la autor\u00eda intelectual en el asesinato del \u00abdiputado 500\u00bb<\/strong><\/p>\n<p style=\"font-weight: 400;\">Antes de la media noche del domingo 14 de enero, el juez de la causa dict\u00f3 el auto de formal prisi\u00f3n en contra de Willy Reyes Ramos, ex alcalde de Tlapa se\u00f1alado como autor intelectual en el asesinato cometido en contra del ex diputado federal Mois\u00e9s Villanueva de la Luz y su asistente, Erick Estrada V\u00e1zquez.<\/p>\n<p style=\"font-weight: 400;\">La ma\u00f1ana del lunes 15, el gobernador H\u00e9ctor Astudillo Flores encabez\u00f3 los honores a la bandera en la explanada de Palacio de Gobierno, en Chilpancingo.<\/p>\n<p style=\"font-weight: 400;\">Ah\u00ed fue cuestionado sobre el tema, manifestando que de acuerdo a la informaci\u00f3n que se le ha proporcionado, el Poder Judicial hab\u00eda tomado la determinaci\u00f3n de dictar el auto de formal prisi\u00f3n en contra del ex primer edil.&nbsp;&nbsp;&nbsp;<\/p>\n<p style=\"font-weight: 400;\">\u201cYo entiendo por lo tanto, que hay ya un avance en ese tema\u201d, dijo el gobernador al hacer referencia a la inquietud manifestada por las se\u00f1oras Luc\u00eda Leyva Rojas y Anah\u00ed Mor\u00e1n G\u00e1lvez, esposas del tambi\u00e9n conocido como \u201cdiputado 500\u201d y de su asistente.&nbsp;&nbsp;<\/p>\n<p style=\"font-weight: 400;\">El vocero del Grupo de Coordinaci\u00f3n Guerrero (GCG), Roberto Alvarez Herdia indic\u00f3 que el Poder Judicial tom\u00f3 la ruta que le indicaron los elementos que en su momento facilit\u00f3 la Fiscal\u00eda General del Estado (FGE).<\/p>\n<p style=\"font-weight: 400;\">El titular de la FGE, Javier Olea Pel\u00e1ez declin\u00f3 hablar sobre el tema, menos sobre el hecho de que el fue abogado de Willy Reyes cuando este fung\u00eda como primer edil de Tlapa.<\/p>\n<p style=\"font-weight: 400;\">Laudencio Villanueva de la Luz, hermano del ex diputado federal, dijo que la determinaci\u00f3n del juez representa un avance importante en la lucha porque se haga justicia.<\/p>\n<p style=\"font-weight: 400;\">Precis\u00f3 que la formal prisi\u00f3n se dict\u00f3 alrededor de las 23:00 horas del domingo, 60 minutos antes de que feneciera el plazo que establece la ley.<\/p>\n<p style=\"font-weight: 400;\">La formal prisi\u00f3n la determin\u00f3 el juez de Primera Instancia del Ramo Penal del Distrito Judicial de Morelos, con sede en Tlapa de Comonfort, Aurelio Guti\u00e9rrez Cruz.<\/p>\n<p style=\"font-weight: 400;\">Willy Reyes es acusado de pagar 300 mil pesos para que se ejecutara un atentado que tuviera como resultado la muerte del diputado Villanueva de la Luz, lo que se llev\u00f3 a cabo en septiembre de 2011.<\/p>\n<p style=\"font-weight: 400;\">A partir de este lunes Reyes Ramos est\u00e1 considerado como formalmente preso, ahora el juez&nbsp;abrir\u00e1 un t\u00e9rmino de tiempo para que la defensa del ex alcalde y el MP presenten las pruebas y alegatos que convenga a sus intereses.<\/p>\n<p style=\"font-weight: 400;\">Con formaci\u00f3n de&nbsp;abogado, el hermano del diputado 500 sostiene que ha comenzado en los hechos el proceso encaminado a esclarecer el crimen de Mois\u00e9s Villanueva y su colaborador, un joven de apenas 24 a\u00f1os de edad<\/p>\n","protected":false},"excerpt":{"rendered":"<p>Por la autor\u00eda intelectual en el asesinato del \u00abdiputado 500\u00bb Antes de la media noche del domingo 14 de enero, el juez de la causa dict\u00f3 el auto de formal&hellip; <\/p>\n","protected":false},"author":1,"featured_media":0,"comment_status":"closed","ping_status":"closed","sticky":false,"template":"","format":"standard","meta":{"fifu_image_url":"","fifu_image_alt":"","footnotes":""},"categories":[8,23],"tags":[],"class_list":["post-11450","post","type-post","status-publish","format-standard","hentry","category-featured","category-regionales"],"_links":{"self":[{"href":"https:\/\/www.interaccionnoticias.com.mx\/index.php?rest_route=\/wp\/v2\/posts\/11450","targetHints":{"allow":["GET"]}}],"collection":[{"href":"https:\/\/www.interaccionnoticias.com.mx\/index.php?rest_route=\/wp\/v2\/posts"}],"about":[{"href":"https:\/\/www.interaccionnoticias.com.mx\/index.php?rest_route=\/wp\/v2\/types\/post"}],"author":[{"embeddable":true,"href":"https:\/\/www.interaccionnoticias.com.mx\/index.php?rest_route=\/wp\/v2\/users\/1"}],"replies":[{"embeddable":true,"href":"https:\/\/www.interaccionnoticias.com.mx\/index.php?rest_route=%2Fwp%2Fv2%2Fcomments&post=11450"}],"version-history":[{"count":0,"href":"https:\/\/www.interaccionnoticias.com.mx\/index.php?rest_route=\/wp\/v2\/posts\/11450\/revisions"}],"wp:attachment":[{"href":"https:\/\/www.interaccionnoticias.com.mx\/index.php?rest_route=%2Fwp%2Fv2%2Fmedia&parent=11450"}],"wp:term":[{"taxonomy":"category","embeddable":true,"href":"https:\/\/www.interaccionnoticias.com.mx\/index.php?rest_route=%2Fwp%2Fv2%2Fcategories&post=11450"},{"taxonomy":"post_tag","embeddable":true,"href":"https:\/\/www.interaccionnoticias.com.mx\/index.php?rest_route=%2Fwp%2Fv2%2Ftags&post=11450"}],"curies":[{"name":"wp","href":"https:\/\/api.w.org\/{rel}","templated":true}]}}