{"id":11430,"date":"2018-01-14T21:05:31","date_gmt":"2018-01-15T03:05:31","guid":{"rendered":"http:\/\/www.inter-accion.com.mx\/?p=11430"},"modified":"2018-01-14T21:05:31","modified_gmt":"2018-01-15T03:05:31","slug":"inaugura-pablo-higuera-el-centro-cultural-deportivo-y-religioso-en-zumpango","status":"publish","type":"post","link":"https:\/\/www.interaccionnoticias.com.mx\/?p=11430","title":{"rendered":"INAUGURA PABLO HIGUERA EL CENTRO CULTURAL, DEPORTIVO Y RELIGIOSO EN ZUMPANGO"},"content":{"rendered":"<p><strong>Zumpango del R\u00edo, Gro.-<\/strong>Despu\u00e9s de meses de trabajo para la construcci\u00f3n del nuevo Centro Cultural, Deportivo y Religioso, hoy por fin es un hecho, un nuevo espacio que se ocupar\u00e1 para diversas actividades del municipio y prinicipalmente para Zumpango del R\u00edo.<br \/>\nLa mega obra que fue gestionada y ejecutada por&nbsp;<a class=\"m_2585776714293372257m_-8085013680052585484profileLink\" href=\"https:\/\/www.facebook.com\/profile.php?id=100008965842355&amp;fref=mentions\" target=\"_blank\" rel=\"noopener\" data-saferedirecturl=\"https:\/\/www.google.com\/url?hl=es&amp;q=https:\/\/www.facebook.com\/profile.php?id%3D100008965842355%26fref%3Dmentions&amp;source=gmail&amp;ust=1516071450274000&amp;usg=AFQjCNFT4a7PCQQY50SyxgMPFkOdV8m5aQ\">Pablo Higuera Fuentes<\/a>,&nbsp;Presidente Municipal de Eduardo Neri fue inaugurada con un magno evento en donde,&nbsp;<a class=\"m_2585776714293372257m_-8085013680052585484profileLink\" href=\"https:\/\/www.facebook.com\/estefany.higuera.37?fref=mentions\" target=\"_blank\" rel=\"noopener\" data-saferedirecturl=\"https:\/\/www.google.com\/url?hl=es&amp;q=https:\/\/www.facebook.com\/estefany.higuera.37?fref%3Dmentions&amp;source=gmail&amp;ust=1516071450274000&amp;usg=AFQjCNHemIezkDpGwHZE_0IMntHOLwbvYw\">Natividad L\u00f3p<span class=\"m_2585776714293372257m_-8085013680052585484text_exposed_show\">ez<\/span><\/a><span class=\"m_2585776714293372257m_-8085013680052585484text_exposed_show\">&nbsp;Gonz\u00e1lez Presidenta del DIF Municipal, y El Cabildo Municipal, H\u00e9ctor Astudillo Flores Gobernador de Guerrero, su esposa Mercedes Calvo de Astudillo Presidenta del DIF estuvieron presentes para ser testigos , adem\u00e1s de ser parte de la construcci\u00f3n de este recinto coment\u00f3 que le tiene un gran aprecio a Zumpango por el recibimiento que ha tenido por parte de la administraci\u00f3n que encabeza Higuera Fuentes.<\/span><\/p>\n<div class=\"m_2585776714293372257m_-8085013680052585484text_exposed_show\">\n\u00abEsta obra empez\u00f3 como una utop\u00eda\u00bb, coment\u00f3 el Alcalde Pablo Higuera al mencionar que al iniciar el proyecto no ten\u00edan recurso definido, y despu\u00e9s de la gesti\u00f3n positiva que tuvo con el Senador H\u00e9ctor Bautista L\u00f3pez, el Diputado Federal David Jimenez Rumbo y el Gobernador H\u00e9ctor Astudillo.<br \/>\nDurante el evento se devel\u00f3 la placa y el monumento que lleva el nombre de don Pablo Astudillo Alcar\u00e1z, quien fue el primer charro de Zumpango y que da identidad a todos los habitantes.<br \/>\nDurante el mes de diciembre se llev\u00f3 a cabo la pavimentaci\u00f3n del primer tramo de la calle Nicol\u00e1s Bravo, una de las calles principales de Zumpango del R\u00edo, y lugar por donde transita la mayor parte de los pobladores de la ciudad.<br \/>\nEn la gesti\u00f3n que realiz\u00f3&nbsp;<a class=\"m_2585776714293372257m_-8085013680052585484profileLink\" href=\"https:\/\/www.facebook.com\/profile.php?id=100008965842355&amp;fref=mentions\" target=\"_blank\" rel=\"noopener\" data-saferedirecturl=\"https:\/\/www.google.com\/url?hl=es&amp;q=https:\/\/www.facebook.com\/profile.php?id%3D100008965842355%26fref%3Dmentions&amp;source=gmail&amp;ust=1516071450274000&amp;usg=AFQjCNFT4a7PCQQY50SyxgMPFkOdV8m5aQ\">Pablo Higuera Fuentes<\/a>&nbsp;Presidente Municipal de Eduardo Neri, se realiz\u00f3 esta obra en una primera etapa, y al pasar las fiesta<span class=\"m_2585776714293372257m_-8085013680052585484text_exposed_show\">s que se avecinan se continuar\u00e1 con el resto de la calle para dar una mejora a los vecinos que durante varios a\u00f1os ped\u00edan la mejora de esta calle.<\/span><\/p>\n<div class=\"m_2585776714293372257m_-8085013680052585484text_exposed_show\">\nLa ma\u00f1ana de este domingo 14 de enero se llev\u00f3 a cabo la inauguraci\u00f3n con el corte de list\u00f3n para entregar la obra a todos los vecinos, el Alcalde Higuera Fuentes quien fue acompa\u00f1ado de su esposa&nbsp;<a class=\"m_2585776714293372257m_-8085013680052585484profileLink\" href=\"https:\/\/www.facebook.com\/estefany.higuera.37?fref=mentions\" target=\"_blank\" rel=\"noopener\" data-saferedirecturl=\"https:\/\/www.google.com\/url?hl=es&amp;q=https:\/\/www.facebook.com\/estefany.higuera.37?fref%3Dmentions&amp;source=gmail&amp;ust=1516071450274000&amp;usg=AFQjCNHemIezkDpGwHZE_0IMntHOLwbvYw\">Natividad L\u00f3pez<\/a>&nbsp;Gonz\u00e1lez Presidenta del DIF,&nbsp;<a class=\"m_2585776714293372257m_-8085013680052585484profileLink\" href=\"https:\/\/www.facebook.com\/socorro.sanchez.5055?fref=mentions\" target=\"_blank\" rel=\"noopener\" data-saferedirecturl=\"https:\/\/www.google.com\/url?hl=es&amp;q=https:\/\/www.facebook.com\/socorro.sanchez.5055?fref%3Dmentions&amp;source=gmail&amp;ust=1516071450274000&amp;usg=AFQjCNGUW-z5Vz_67Nwt4v3F0wDvzyubgw\">Socorro S\u00e1nchez<\/a>&nbsp;Salmer\u00f3n Sindica Procuradora, Carlos S\u00e1nchez Garc\u00eda Regidor de Obras P\u00fablicas, Yanet Cer\u00f3n Leyva Regidora de Salud, fueron testigos de este suceso memorable para todos los que viven y transitan por este lugar, el comit\u00e9 de la contrucci\u00f3n de la calle agradeci\u00f3 por cumplir con sus palabras y mejorar la imagen y los servicios en Eduardo Neri.<\/p>\n<div>\n<div class=\"m_2585776714293372257m_-8085013680052585484_1mf m_2585776714293372257m_-8085013680052585484_1mj\">Como parte de las obras gestionadas para la construcci\u00f3n y mejora de la imagen en el Municipio de Eduardo Neri, se ten\u00eda contemplada a la famosa calle del burro, despu\u00e9s de varios a\u00f1os en el abandono por fin se le da la importancia.<\/div>\n<\/div>\n<\/div>\n<\/div>\n","protected":false},"excerpt":{"rendered":"<p>Zumpango del R\u00edo, Gro.-Despu\u00e9s de meses de trabajo para la construcci\u00f3n del nuevo Centro Cultural, Deportivo y Religioso, hoy por fin es un hecho, un nuevo espacio que se ocupar\u00e1&hellip; <\/p>\n","protected":false},"author":1,"featured_media":0,"comment_status":"closed","ping_status":"closed","sticky":false,"template":"","format":"standard","meta":{"fifu_image_url":"","fifu_image_alt":"","footnotes":""},"categories":[23],"tags":[],"class_list":["post-11430","post","type-post","status-publish","format-standard","hentry","category-regionales"],"_links":{"self":[{"href":"https:\/\/www.interaccionnoticias.com.mx\/index.php?rest_route=\/wp\/v2\/posts\/11430","targetHints":{"allow":["GET"]}}],"collection":[{"href":"https:\/\/www.interaccionnoticias.com.mx\/index.php?rest_route=\/wp\/v2\/posts"}],"about":[{"href":"https:\/\/www.interaccionnoticias.com.mx\/index.php?rest_route=\/wp\/v2\/types\/post"}],"author":[{"embeddable":true,"href":"https:\/\/www.interaccionnoticias.com.mx\/index.php?rest_route=\/wp\/v2\/users\/1"}],"replies":[{"embeddable":true,"href":"https:\/\/www.interaccionnoticias.com.mx\/index.php?rest_route=%2Fwp%2Fv2%2Fcomments&post=11430"}],"version-history":[{"count":0,"href":"https:\/\/www.interaccionnoticias.com.mx\/index.php?rest_route=\/wp\/v2\/posts\/11430\/revisions"}],"wp:attachment":[{"href":"https:\/\/www.interaccionnoticias.com.mx\/index.php?rest_route=%2Fwp%2Fv2%2Fmedia&parent=11430"}],"wp:term":[{"taxonomy":"category","embeddable":true,"href":"https:\/\/www.interaccionnoticias.com.mx\/index.php?rest_route=%2Fwp%2Fv2%2Fcategories&post=11430"},{"taxonomy":"post_tag","embeddable":true,"href":"https:\/\/www.interaccionnoticias.com.mx\/index.php?rest_route=%2Fwp%2Fv2%2Ftags&post=11430"}],"curies":[{"name":"wp","href":"https:\/\/api.w.org\/{rel}","templated":true}]}}