{"id":11393,"date":"2018-01-12T21:19:40","date_gmt":"2018-01-13T03:19:40","guid":{"rendered":"http:\/\/www.inter-accion.com.mx\/?p=11393"},"modified":"2018-01-12T21:19:40","modified_gmt":"2018-01-13T03:19:40","slug":"astudillo-espera-que-la-onu-pida-su-aportacion-en-torno-a-la-violencia-en-la-concepcion","status":"publish","type":"post","link":"https:\/\/www.interaccionnoticias.com.mx\/?p=11393","title":{"rendered":"Astudillo espera que la ONU pida su aportaci\u00f3n en torno a la violencia en La Concepci\u00f3n"},"content":{"rendered":"<h3 class=\"m_-4133135358682200095x_MsoListParagraph\"><strong>\u201cNosotros no vamos a tomar partido\u201d, aclara el gobernador<\/strong><\/h3>\n<p class=\"m_-4133135358682200095x_MsoNormal\">El gobernador H\u00e9ctor Astudillo Flores manifest\u00f3 que respeta la posici\u00f3n que la oficina de Derechos Humanos de la Organizaci\u00f3n de las Naciones Unidas (ONU) tiene respecto a la intervenci\u00f3n polic\u00edaca en la comunidad de La Concepci\u00f3n durante la jornada del domingo 7 de enero, cuando murieron once personas y 38 fueron detenidas.<\/p>\n<p class=\"m_-4133135358682200095x_MsoNormal\">El viernes 12 de enero, la oficina de Derechos Humanos de la ONU dio a conocer informaci\u00f3n relacionada con lo sucedido en la comunidad ubicada en la zona rural de Acapulco.<\/p>\n<p class=\"m_-4133135358682200095x_MsoNormal\">Jan Jarab, representante del Alto Comisionado de la ONU consider\u00f3 que en La Concepci\u00f3n la polic\u00eda procedi\u00f3 sin atender los protocolos que existen en la materia, lo que deriv\u00f3 en la comisi\u00f3n de actos que constituyen violaciones graves a los derechos humanos.<\/p>\n<p class=\"m_-4133135358682200095x_MsoNormal\">El comunicado de la oficina del Alto Comisionado de la ONU refiere que se han detectado \u201cfuertes elementos de convicci\u00f3n sobre la existencia de violaciones de derechos humanos cometidas por parte de los cuerpos de seguridad durante el operativo (polic\u00edaco y militar) en La Concepci\u00f3n\u201d.<\/p>\n<p class=\"m_-4133135358682200095x_MsoNormal\">Entre los excesos cometidos se encuentran la tortura y malos tratos, fabricaci\u00f3n de pruebas, allanamientos y condiciones indignas de detenci\u00f3n\u201d.<\/p>\n<p class=\"m_-4133135358682200095x_MsoNormal\">\u201cYo respeto a las posiciones que se extiendan sobre esos asuntos\u201d, dijo el gobernador al t\u00e9rmino de un evento en la cabecera municipal de Eduardo Neri, en la regi\u00f3n Centro de la entidad.<\/p>\n<p class=\"m_-4133135358682200095x_MsoNormal\">Agreg\u00f3 que su administraci\u00f3n est\u00e1 pendiente para hacer las aportaciones correspondientes a la ONU-DH en torno al tema.<\/p>\n<p class=\"m_-4133135358682200095x_MsoNormal\">Y puntualiz\u00f3: \u201cNosotros no agarramos bando, ni nos colocamos de un lado o de otro\u201d, se\u00f1al\u00f3 en forma escueta.<\/p>\n<p class=\"m_-4133135358682200095x_MsoNormal\">&nbsp;&nbsp;&nbsp;&nbsp;&nbsp;&nbsp;&nbsp;<\/p>\n","protected":false},"excerpt":{"rendered":"<p>\u201cNosotros no vamos a tomar partido\u201d, aclara el gobernador El gobernador H\u00e9ctor Astudillo Flores manifest\u00f3 que respeta la posici\u00f3n que la oficina de Derechos Humanos de la Organizaci\u00f3n de las&hellip; <\/p>\n","protected":false},"author":1,"featured_media":0,"comment_status":"closed","ping_status":"closed","sticky":false,"template":"","format":"standard","meta":{"fifu_image_url":"","fifu_image_alt":"","footnotes":""},"categories":[8,11],"tags":[],"class_list":["post-11393","post","type-post","status-publish","format-standard","hentry","category-featured","category-guerrero"],"_links":{"self":[{"href":"https:\/\/www.interaccionnoticias.com.mx\/index.php?rest_route=\/wp\/v2\/posts\/11393","targetHints":{"allow":["GET"]}}],"collection":[{"href":"https:\/\/www.interaccionnoticias.com.mx\/index.php?rest_route=\/wp\/v2\/posts"}],"about":[{"href":"https:\/\/www.interaccionnoticias.com.mx\/index.php?rest_route=\/wp\/v2\/types\/post"}],"author":[{"embeddable":true,"href":"https:\/\/www.interaccionnoticias.com.mx\/index.php?rest_route=\/wp\/v2\/users\/1"}],"replies":[{"embeddable":true,"href":"https:\/\/www.interaccionnoticias.com.mx\/index.php?rest_route=%2Fwp%2Fv2%2Fcomments&post=11393"}],"version-history":[{"count":0,"href":"https:\/\/www.interaccionnoticias.com.mx\/index.php?rest_route=\/wp\/v2\/posts\/11393\/revisions"}],"wp:attachment":[{"href":"https:\/\/www.interaccionnoticias.com.mx\/index.php?rest_route=%2Fwp%2Fv2%2Fmedia&parent=11393"}],"wp:term":[{"taxonomy":"category","embeddable":true,"href":"https:\/\/www.interaccionnoticias.com.mx\/index.php?rest_route=%2Fwp%2Fv2%2Fcategories&post=11393"},{"taxonomy":"post_tag","embeddable":true,"href":"https:\/\/www.interaccionnoticias.com.mx\/index.php?rest_route=%2Fwp%2Fv2%2Ftags&post=11393"}],"curies":[{"name":"wp","href":"https:\/\/api.w.org\/{rel}","templated":true}]}}