{"id":11369,"date":"2018-01-11T20:23:32","date_gmt":"2018-01-12T02:23:32","guid":{"rendered":"http:\/\/www.inter-accion.com.mx\/?p=11369"},"modified":"2018-01-11T20:23:32","modified_gmt":"2018-01-12T02:23:32","slug":"regreso-de-marco-leyva-para-opacar-violencia-en-chilpancingo-senala-lider-sindical","status":"publish","type":"post","link":"https:\/\/www.interaccionnoticias.com.mx\/?p=11369","title":{"rendered":"Regreso de Marco Leyva, para opacar violencia en Chilpancingo, se\u00f1ala l\u00edder sindical"},"content":{"rendered":"<p>El conflicto generado por el anuncio del alcalde con licencia, Marco Antonio Leyva Mena, para regresar a la administraci\u00f3n municipal, podr\u00eda ser una cortina de humo para desviar la atenci\u00f3n del problema de violencia que afecta a la capital de Guerrero, opin\u00f3 el dirigente de la secci\u00f3n 28 del Sindicato \u00danico de Servidores P\u00fablicos del Estado de Guerrero (SUSPEG), J. Natividad Adame Mart\u00ednez.<br \/>\nEn entrevista, se refiri\u00f3 a las desapariciones y asesinatos de j\u00f3venes ocurridas a inicios de a\u00f1o: \u201cqu\u00e9 casualidad que aparece Marco Antonio en una rueda de prensa, exactamente cu\u00e1ndo tenemos en Chilpancingo varios desaparecidos, cuando tenemos asesinatos y hace su mitote para desviar la atenci\u00f3n, es una cortina de humo y ah\u00ed nos llevan entre los pies a nosotros\u201d, expres\u00f3.<br \/>\nEl pasado 08 de enero Leyva Mena reapareci\u00f3 p\u00fablicamente en una reuni\u00f3n con representes de colonias populares de Chilpancingo, donde anunci\u00f3 su inter\u00e9s de retomar la alcald\u00eda, despu\u00e9s de la licencia que a mediados de octubre del a\u00f1o pasado le autoriz\u00f3 el Congreso del Estado.<br \/>\nEsto, d\u00edas antes de que familiares de j\u00f3venes desaparecidos acusaran a la Polic\u00eda Preventiva Municipal de participar en la desaparici\u00f3n de sus familiares, y que los j\u00f3venes Jorge Arturo V\u00e1zquez Campos y Marco Catal\u00e1n Cabrera, aparecieran muertos al norte de la capital, despu\u00e9s de ser liberados de barandillas.<br \/>\nPosteriormente el Gobierno del Estado a trav\u00e9s de la Secretaria de Seguridad Publica tom\u00f3 el control de la seguridad del municipio, mientras la Fiscal\u00eda General del Estado investiga a los efectivos de la Polic\u00eda Preventiva Municipal.<\/p>\n","protected":false},"excerpt":{"rendered":"<p>El conflicto generado por el anuncio del alcalde con licencia, Marco Antonio Leyva Mena, para regresar a la administraci\u00f3n municipal, podr\u00eda ser una cortina de humo para desviar la atenci\u00f3n&hellip; <\/p>\n","protected":false},"author":1,"featured_media":0,"comment_status":"closed","ping_status":"closed","sticky":false,"template":"","format":"standard","meta":{"fifu_image_url":"","fifu_image_alt":"","footnotes":""},"categories":[13,8],"tags":[],"class_list":["post-11369","post","type-post","status-publish","format-standard","hentry","category-capital","category-featured"],"_links":{"self":[{"href":"https:\/\/www.interaccionnoticias.com.mx\/index.php?rest_route=\/wp\/v2\/posts\/11369","targetHints":{"allow":["GET"]}}],"collection":[{"href":"https:\/\/www.interaccionnoticias.com.mx\/index.php?rest_route=\/wp\/v2\/posts"}],"about":[{"href":"https:\/\/www.interaccionnoticias.com.mx\/index.php?rest_route=\/wp\/v2\/types\/post"}],"author":[{"embeddable":true,"href":"https:\/\/www.interaccionnoticias.com.mx\/index.php?rest_route=\/wp\/v2\/users\/1"}],"replies":[{"embeddable":true,"href":"https:\/\/www.interaccionnoticias.com.mx\/index.php?rest_route=%2Fwp%2Fv2%2Fcomments&post=11369"}],"version-history":[{"count":0,"href":"https:\/\/www.interaccionnoticias.com.mx\/index.php?rest_route=\/wp\/v2\/posts\/11369\/revisions"}],"wp:attachment":[{"href":"https:\/\/www.interaccionnoticias.com.mx\/index.php?rest_route=%2Fwp%2Fv2%2Fmedia&parent=11369"}],"wp:term":[{"taxonomy":"category","embeddable":true,"href":"https:\/\/www.interaccionnoticias.com.mx\/index.php?rest_route=%2Fwp%2Fv2%2Fcategories&post=11369"},{"taxonomy":"post_tag","embeddable":true,"href":"https:\/\/www.interaccionnoticias.com.mx\/index.php?rest_route=%2Fwp%2Fv2%2Ftags&post=11369"}],"curies":[{"name":"wp","href":"https:\/\/api.w.org\/{rel}","templated":true}]}}