{"id":11366,"date":"2018-01-11T20:19:30","date_gmt":"2018-01-12T02:19:30","guid":{"rendered":"http:\/\/www.inter-accion.com.mx\/?p=11366"},"modified":"2018-01-11T20:19:30","modified_gmt":"2018-01-12T02:19:30","slug":"niegan-diputados-bloquear-regreso-de-marco-leyva-a-alcaldia","status":"publish","type":"post","link":"https:\/\/www.interaccionnoticias.com.mx\/?p=11366","title":{"rendered":"Niegan diputados bloquear regreso de Marco Leyva a alcald\u00eda"},"content":{"rendered":"<p style=\"font-weight: 400;\">Diputados locales dijeron que no est\u00e1n en contra del regreso del alcalde con licencia&nbsp; Marco Antonio Leyva Mena a la presidencia de Chilpancingo, y que no hay l\u00ednea del poder Ejecutivo para bloquear sus pretensiones.<\/p>\n<p style=\"font-weight: 400;\">En entrevista, la presidenta de la Junta de Coordinaci\u00f3n Pol\u00edtica Flor A\u00f1orve Ocampo, descart\u00f3 que los integrantes del poder legislativo se encuentren en contra de aprobar la solicitud del Leyva Mena, adem\u00e1s de desmentir la versi\u00f3n de que se tenga l\u00ednea del Ejecutivo para ello.<\/p>\n<p style=\"font-weight: 400;\">Destac\u00f3 que el Congreso no era el culpable de la mala redacci\u00f3n de la primera solicitud enviada el lunes pasado, que carec\u00eda de sustento legal.<\/p>\n<p style=\"font-weight: 400;\">\u00abNosotros no le dimos la l\u00ednea a \u00e9l para que hiciera un documento que no contaba con los requisitos que establece su reincorporaci\u00f3n, nosotros no le asesoramos, en todo caso quien lo asesora lo asesor\u00f3 mal y no fuimos nosotros\u00bb, expres\u00f3.<\/p>\n<p style=\"font-weight: 400;\">Durante la sesi\u00f3n ordinaria de este jueves fue recibido el segundo documento enviado al Congreso por el edil, y fue le\u00eddo en el punto de Correspondencias de la orden del d\u00eda, para ser turnado a la Comisi\u00f3n de Asuntos Pol\u00edticos y Gobernaci\u00f3n-<\/p>\n<p style=\"font-weight: 400;\">El pasado lunes el primer edil con licencia del municipio de Chilpancingo, acus\u00f3 al Congreso Local de seguir \u00f3rdenes del Gobierno Estatal, a quien se\u00f1ala de que en octubre pasado les solicit\u00f3 iniciar el juicio de revocaci\u00f3n de mandato en su contra y en la actualidad rechazar su solicitud de regresar al cargo.<\/p>\n","protected":false},"excerpt":{"rendered":"<p>Diputados locales dijeron que no est\u00e1n en contra del regreso del alcalde con licencia&nbsp; Marco Antonio Leyva Mena a la presidencia de Chilpancingo, y que no hay l\u00ednea del poder&hellip; <\/p>\n","protected":false},"author":1,"featured_media":0,"comment_status":"closed","ping_status":"closed","sticky":false,"template":"","format":"standard","meta":{"fifu_image_url":"","fifu_image_alt":"","footnotes":""},"categories":[2,8],"tags":[],"class_list":["post-11366","post","type-post","status-publish","format-standard","hentry","category-congreso","category-featured"],"_links":{"self":[{"href":"https:\/\/www.interaccionnoticias.com.mx\/index.php?rest_route=\/wp\/v2\/posts\/11366","targetHints":{"allow":["GET"]}}],"collection":[{"href":"https:\/\/www.interaccionnoticias.com.mx\/index.php?rest_route=\/wp\/v2\/posts"}],"about":[{"href":"https:\/\/www.interaccionnoticias.com.mx\/index.php?rest_route=\/wp\/v2\/types\/post"}],"author":[{"embeddable":true,"href":"https:\/\/www.interaccionnoticias.com.mx\/index.php?rest_route=\/wp\/v2\/users\/1"}],"replies":[{"embeddable":true,"href":"https:\/\/www.interaccionnoticias.com.mx\/index.php?rest_route=%2Fwp%2Fv2%2Fcomments&post=11366"}],"version-history":[{"count":0,"href":"https:\/\/www.interaccionnoticias.com.mx\/index.php?rest_route=\/wp\/v2\/posts\/11366\/revisions"}],"wp:attachment":[{"href":"https:\/\/www.interaccionnoticias.com.mx\/index.php?rest_route=%2Fwp%2Fv2%2Fmedia&parent=11366"}],"wp:term":[{"taxonomy":"category","embeddable":true,"href":"https:\/\/www.interaccionnoticias.com.mx\/index.php?rest_route=%2Fwp%2Fv2%2Fcategories&post=11366"},{"taxonomy":"post_tag","embeddable":true,"href":"https:\/\/www.interaccionnoticias.com.mx\/index.php?rest_route=%2Fwp%2Fv2%2Ftags&post=11366"}],"curies":[{"name":"wp","href":"https:\/\/api.w.org\/{rel}","templated":true}]}}