{"id":11360,"date":"2018-01-11T20:07:00","date_gmt":"2018-01-12T02:07:00","guid":{"rendered":"http:\/\/www.inter-accion.com.mx\/?p=11360"},"modified":"2018-01-11T20:07:00","modified_gmt":"2018-01-12T02:07:00","slug":"la-masacre-de-la-concepcion-consecuencia-de-la-polarizacion-generada-por-la-parota","status":"publish","type":"post","link":"https:\/\/www.interaccionnoticias.com.mx\/?p=11360","title":{"rendered":"La masacre de La Concepci\u00f3n, consecuencia de la polarizaci\u00f3n generada por La Parota"},"content":{"rendered":"<h3 class=\"m_5027152330156311351x_MsoListParagraph\"><strong><span lang=\"ES\">Hay dos grupos, uno con grupo armado a su favor&nbsp;&nbsp;&nbsp;&nbsp;&nbsp;<\/span><\/strong><\/h3>\n<p class=\"m_5027152330156311351x_MsoNormal\"><span lang=\"ES\">De acuerdo con el presidente de la Comisi\u00f3n de Derechos Humanos del Estado de Guerrero (CDHEG), Ram\u00f3n Navarrete Magdaleno, la masacre registrada el La Concepci\u00f3n, en la zona rural de Acapulco es consecuencia de la divisi\u00f3n que gener\u00f3 entre los bienes comunales de Cacahuatepec el proyecto hidroel\u00e9ctrico de La Parota, impulsado por la Comisi\u00f3n Federal de Electricidad (CFE).<\/span><\/p>\n<p class=\"m_5027152330156311351x_MsoNormal\"><span lang=\"ES\">V\u00eda telef\u00f3nica, Navarrete Magdaleno reconoci\u00f3 que lo sucedido la madrugada del domingo 7 de enero, cuando ocho personas fueron asesinadas en la comisar\u00eda de La Concepci\u00f3n, y despu\u00e9s, en un enfrentamiento con la polic\u00eda murieron otros tres civiles armados, es producto de un largo proceso de polarizaci\u00f3n.&nbsp;&nbsp;&nbsp;&nbsp;&nbsp;<\/span><\/p>\n<p class=\"m_5027152330156311351x_MsoNormal\"><span lang=\"ES\">\u201cEl proyecto puede ser bueno, pero hay que manejarlo cuidando la concordia entre las personas\u201d, dijo el ombudsman en referencia a la propuesta de construir en La Parota una presa hidroel\u00e9ctrica de grandes dimensiones.<\/span><\/p>\n<p class=\"m_5027152330156311351x_MsoNormal\"><span lang=\"ES\">Sobre los hechos del domingo, dijo que la CDHEG ya inici\u00f3 una investigaci\u00f3n encaminada a saber que fue lo que pas\u00f3, para tener certeza en cada una de sus actuaciones.<\/span><\/p>\n<p class=\"m_5027152330156311351x_MsoNormal\"><span lang=\"ES\">Aclar\u00f3 que la instancia facultada constitucionalmente para investigar los delitos es la Fiscal\u00eda General del Estado (FGE), por ello es que cada instancia se encuentra trabajando dentro de su \u00e1mbito de competencia.<\/span><\/p>\n<p class=\"m_5027152330156311351x_MsoNormal\"><span lang=\"ES\">Reconoci\u00f3 que en la zona rural de Acapulco est\u00e1n conformados dos grupos muy claramente definidos; uno que respalda el proyecto de la CFE y otro que mantiene una postura en contra.&nbsp;&nbsp;<\/span><\/p>\n<p class=\"m_5027152330156311351x_MsoNormal\"><span lang=\"ES\">En ambos casos, dijo que la obligaci\u00f3n de la CDHEG es garantizar que se respeten los derechos humanos de las personas involucradas.<\/span><\/p>\n<p class=\"m_5027152330156311351x_MsoNormal\"><span lang=\"ES\">\u201cLo que observamos es que hay dos grupos antag\u00f3nicos y este grupo armado -el de la Coordinadora Regional de Autoridades Comunitarias (CRAC)- obedece a una de las partes (la de Marco Antonio Suastegui Mu\u00f1oz), entonces una de las partes tiene polic\u00eda y otra no\u201d, apunt\u00f3.<\/span><\/p>\n<p class=\"m_5027152330156311351x_MsoNormal\"><span lang=\"ES\">Hizo un llamado al Congreso local para que haya un marco legal bien definido para los grupos que se manejan como polic\u00edas comunitarios, con la intenci\u00f3n de que se hagan responsables de sus hechos, pues no pueden seguir solo con atribuciones y con muy pocas responsabilidades.<\/span><\/p>\n<p class=\"m_5027152330156311351x_MsoNormal\"><span lang=\"ES\">&nbsp;&nbsp;&nbsp;&nbsp;<\/span><\/p>\n","protected":false},"excerpt":{"rendered":"<p>Hay dos grupos, uno con grupo armado a su favor&nbsp;&nbsp;&nbsp;&nbsp;&nbsp; De acuerdo con el presidente de la Comisi\u00f3n de Derechos Humanos del Estado de Guerrero (CDHEG), Ram\u00f3n Navarrete Magdaleno, la&hellip; <\/p>\n","protected":false},"author":1,"featured_media":0,"comment_status":"closed","ping_status":"closed","sticky":false,"template":"","format":"standard","meta":{"fifu_image_url":"","fifu_image_alt":"","footnotes":""},"categories":[8,15],"tags":[],"class_list":["post-11360","post","type-post","status-publish","format-standard","hentry","category-featured","category-movimientos-sociales"],"_links":{"self":[{"href":"https:\/\/www.interaccionnoticias.com.mx\/index.php?rest_route=\/wp\/v2\/posts\/11360","targetHints":{"allow":["GET"]}}],"collection":[{"href":"https:\/\/www.interaccionnoticias.com.mx\/index.php?rest_route=\/wp\/v2\/posts"}],"about":[{"href":"https:\/\/www.interaccionnoticias.com.mx\/index.php?rest_route=\/wp\/v2\/types\/post"}],"author":[{"embeddable":true,"href":"https:\/\/www.interaccionnoticias.com.mx\/index.php?rest_route=\/wp\/v2\/users\/1"}],"replies":[{"embeddable":true,"href":"https:\/\/www.interaccionnoticias.com.mx\/index.php?rest_route=%2Fwp%2Fv2%2Fcomments&post=11360"}],"version-history":[{"count":0,"href":"https:\/\/www.interaccionnoticias.com.mx\/index.php?rest_route=\/wp\/v2\/posts\/11360\/revisions"}],"wp:attachment":[{"href":"https:\/\/www.interaccionnoticias.com.mx\/index.php?rest_route=%2Fwp%2Fv2%2Fmedia&parent=11360"}],"wp:term":[{"taxonomy":"category","embeddable":true,"href":"https:\/\/www.interaccionnoticias.com.mx\/index.php?rest_route=%2Fwp%2Fv2%2Fcategories&post=11360"},{"taxonomy":"post_tag","embeddable":true,"href":"https:\/\/www.interaccionnoticias.com.mx\/index.php?rest_route=%2Fwp%2Fv2%2Ftags&post=11360"}],"curies":[{"name":"wp","href":"https:\/\/api.w.org\/{rel}","templated":true}]}}