{"id":11358,"date":"2018-01-11T20:11:36","date_gmt":"2018-01-12T02:11:36","guid":{"rendered":"http:\/\/www.inter-accion.com.mx\/?p=11358"},"modified":"2018-01-11T20:11:36","modified_gmt":"2018-01-12T02:11:36","slug":"alcalde-de-tixtla-dispuesto-a-retomar-la-discusion-sobre-el-basurero-intermunicipal-con-chilpancingo","status":"publish","type":"post","link":"https:\/\/www.interaccionnoticias.com.mx\/?p=11358","title":{"rendered":"Alcalde de Tixtla, dispuesto a retomar la discusi\u00f3n sobre el basurero intermunicipal con Chilpancingo"},"content":{"rendered":"<h3><strong>Marco Leyva siempre busc\u00f3 la soluci\u00f3n al tema, reconoce Hosse\u00edn Nabor Guill\u00e9n&nbsp;&nbsp;<\/strong><\/h3>\n<p class=\"m_3079997168432887022x_MsoNormal\"><span lang=\"ES\">El alcalde de Tixtla, Hossein Nabor Guill\u00e9n manifest\u00f3 que est\u00e1 dispuesto a retomar la discusi\u00f3n sobre el basurero com\u00fan con Chilpancingo y Zumpango, para resolver un problema que ya es delicado para parte importante de la regi\u00f3n centro del estado.<\/span><\/p>\n<p class=\"m_3079997168432887022x_MsoNormal\"><span lang=\"ES\">Hossein Guill\u00e9n, reconoci\u00f3 que lo que pasa en Chilpancingo es del inter\u00e9s de todo el estado, por ser la capital la principal caja de resonancia en el aspecto pol\u00edtico, social y administrativo para la entidad.<\/span><\/p>\n<p class=\"m_3079997168432887022x_MsoNormal\"><span lang=\"ES\">A tres meses de que el alcalde con licencia, Marco Antonio Leyva Mena se separara del cargo, el jefe de cabildo de Tixtla reconoci\u00f3 que su hom\u00f3logo siempre fue una persona atenta, interesada en resolver el tema de la basura.<\/span><\/p>\n<p class=\"m_3079997168432887022x_MsoNormal\"><span lang=\"ES\">\u201cSi alg\u00fan habitante de Chilpancingo le recrimina a Marco Leyva que no haya atendido el tema de la basura, sin lugar a dudas su comentario esta sesgado. Marco siempre estuvo muy al pendiente, le falt\u00f3 seguramente cuidar las formas y ser abierto con un servidor para el replanteamiento de un nuevo proyecto que le ayudara a la region\u201d, anot\u00f3.<\/span><\/p>\n<p class=\"m_3079997168432887022x_MsoNormal\"><span lang=\"ES\">Aunque no en la misma proporci\u00f3n, Hosse\u00edn Nabor Guill\u00e9n reconoci\u00f3 que el tema de la basura es un problema com\u00fan para Chilpancingo, Zumpango y Tixtla, de ah\u00ed que independientemente del desenlace que tenga el diferendo por la alcald\u00eda en la capital del estado, dijo que est\u00e1 en la disposici\u00f3n de volver a charlar sobre el tema.<\/span><\/p>\n<p class=\"m_3079997168432887022x_MsoNormal\"><span lang=\"ES\">Aclar\u00f3 que en el cabildo de Tixtla hay respeto a la esfera de competencia de los dem\u00e1s municipios, del gobierno estatal y del Congreso local.<\/span><\/p>\n","protected":false},"excerpt":{"rendered":"<p>Marco Leyva siempre busc\u00f3 la soluci\u00f3n al tema, reconoce Hosse\u00edn Nabor Guill\u00e9n&nbsp;&nbsp; El alcalde de Tixtla, Hossein Nabor Guill\u00e9n manifest\u00f3 que est\u00e1 dispuesto a retomar la discusi\u00f3n sobre el basurero&hellip; <\/p>\n","protected":false},"author":1,"featured_media":0,"comment_status":"closed","ping_status":"closed","sticky":false,"template":"","format":"standard","meta":{"fifu_image_url":"","fifu_image_alt":"","footnotes":""},"categories":[8,23],"tags":[],"class_list":["post-11358","post","type-post","status-publish","format-standard","hentry","category-featured","category-regionales"],"_links":{"self":[{"href":"https:\/\/www.interaccionnoticias.com.mx\/index.php?rest_route=\/wp\/v2\/posts\/11358","targetHints":{"allow":["GET"]}}],"collection":[{"href":"https:\/\/www.interaccionnoticias.com.mx\/index.php?rest_route=\/wp\/v2\/posts"}],"about":[{"href":"https:\/\/www.interaccionnoticias.com.mx\/index.php?rest_route=\/wp\/v2\/types\/post"}],"author":[{"embeddable":true,"href":"https:\/\/www.interaccionnoticias.com.mx\/index.php?rest_route=\/wp\/v2\/users\/1"}],"replies":[{"embeddable":true,"href":"https:\/\/www.interaccionnoticias.com.mx\/index.php?rest_route=%2Fwp%2Fv2%2Fcomments&post=11358"}],"version-history":[{"count":0,"href":"https:\/\/www.interaccionnoticias.com.mx\/index.php?rest_route=\/wp\/v2\/posts\/11358\/revisions"}],"wp:attachment":[{"href":"https:\/\/www.interaccionnoticias.com.mx\/index.php?rest_route=%2Fwp%2Fv2%2Fmedia&parent=11358"}],"wp:term":[{"taxonomy":"category","embeddable":true,"href":"https:\/\/www.interaccionnoticias.com.mx\/index.php?rest_route=%2Fwp%2Fv2%2Fcategories&post=11358"},{"taxonomy":"post_tag","embeddable":true,"href":"https:\/\/www.interaccionnoticias.com.mx\/index.php?rest_route=%2Fwp%2Fv2%2Ftags&post=11358"}],"curies":[{"name":"wp","href":"https:\/\/api.w.org\/{rel}","templated":true}]}}