{"id":11355,"date":"2018-01-11T18:39:43","date_gmt":"2018-01-12T00:39:43","guid":{"rendered":"http:\/\/www.inter-accion.com.mx\/?p=11355"},"modified":"2018-01-11T18:39:43","modified_gmt":"2018-01-12T00:39:43","slug":"a-comisiones-del-congreso-la-segunda-peticion-de-marco-leyva-para-volver-a-la-alcaldia-de-chilpancingo","status":"publish","type":"post","link":"https:\/\/www.interaccionnoticias.com.mx\/?p=11355","title":{"rendered":"A comisiones del Congreso, la segunda petici\u00f3n de Marco Leyva para volver a la alcald\u00eda de Chilpancingo"},"content":{"rendered":"<h3><strong>Trabajadores marchan para pedir que no se le reincorpore<\/strong><\/h3>\n<p class=\"m_7640173593538275605x_MsoNormal\">El Congreso local turn\u00f3 a la comisi\u00f3n de asuntos pol\u00edticos la segunda petici\u00f3n enviada por el pri\u00edsta Marco Antonio Leyva Mena para regresar a la alcald\u00eda de Chilpancingo.<\/p>\n<p class=\"m_7640173593538275605x_MsoNormal\"><span lang=\"ES\">Aunque ya hay un primer documento turnado a la comisi\u00f3n de referencia, que preside la perredista Rosa Coral Mendoza Falc\u00f3n, el que se ley\u00f3 la tarde del jueves 11 de enero contiene m\u00e1s elementos jur\u00eddicos aportados por Leyva Mena.<\/span><\/p>\n<p class=\"m_7640173593538275605x_MsoNormal\"><span lang=\"ES\">&nbsp;<\/span><span lang=\"ES\">\u201cPor este conducto, me permito informar a esta honorable soberan\u00eda de mi reincorporaci\u00f3n a las funciones de presidente municipal de Chilpancingo de los Bravo\u201d.<\/span><\/p>\n<p class=\"m_7640173593538275605x_xmsonormal\"><span lang=\"ES\">Agrega: \u201cLo anterior, con la garant\u00eda que me ofrece la Constituci\u00f3n General de la Rep\u00fablica, la relativa al estado de Guerrero y las dem\u00e1s leyes secundarias vigentes en la materia. Sirva la presente para que a partir de la fecha indicada, se surtan los efectos legales pertinentes\u201d.<\/span><\/p>\n<p class=\"m_7640173593538275605x_xmsonormal\"><span lang=\"ES\">El texto que entr\u00f3 a la Oficial\u00eda Mayor a las 13:38 horas agrega: \u201cToda vez que no existen motivos para seguir con dicha licencia, me permito solicitar a usted, someta al Pleno de ese Honorable Congreso del Estado, mi solicitud para reincorporarme al Congreso y funciones de presidente municipal Constitucional, que mediante el voto popular el pueblo de Chilpancingo me confiri\u00f3 en las elecciones celebradas el 7 de junio del a\u00f1o 2015, para el periodo 2015-2018\u201d.<\/span><\/p>\n<p class=\"m_7640173593538275605x_xmsonormal\"><span lang=\"ES\">Leyva se dirige al presidente de la Mesa Directiva y pide: \u201cUnico.- Someter a consideraci\u00f3n del Pleno de la honorable asamblea, dejar sin efecto la licencia que mediante decreto n\u00famero 486, la sexag\u00e9sima primera Legislatura al honorable Congreso del Estado de Guerrero, me autoriza de manera indefinida. Como consecuencia, se me reincorpore al cargo y funciones de presidente municipal de Chilpancingo de los Bravo\u201d.<\/span><\/p>\n<p class=\"m_7640173593538275605x_xmsonormal\"><span lang=\"ES\">El documento fue turnado una vez m\u00e1s a la Comisi\u00f3n de Gobernaci\u00f3n y Asuntos Pol\u00edticos, la cual podr\u00eda emitir un dictamen la jornada del 15 de enero, que es cuando culmina el periodo ordinario de sesiones.&nbsp;&nbsp;&nbsp;&nbsp;<\/span><\/p>\n<p class=\"m_7640173593538275605x_xmsonormal\"><span lang=\"ES\">En la sesi\u00f3n de este jueves, la Mesa Directiva dio entrada a los documentos con los que dirigentes de la Confederaci\u00f3n Patronal de la Rep\u00fablica Mexicana (Coparmex), del Sindicato Independiente de Trabajadores del Municipio de Chilpancingo y de la secci\u00f3n XXVIII del Sindicato Unico de Servidores P\u00fablicos del Estado de Guerrero (SUSPEG) se oponen a la reincorporaci\u00f3n del primer edil.<\/span><\/p>\n","protected":false},"excerpt":{"rendered":"<p>Trabajadores marchan para pedir que no se le reincorpore El Congreso local turn\u00f3 a la comisi\u00f3n de asuntos pol\u00edticos la segunda petici\u00f3n enviada por el pri\u00edsta Marco Antonio Leyva Mena&hellip; <\/p>\n","protected":false},"author":1,"featured_media":0,"comment_status":"closed","ping_status":"closed","sticky":false,"template":"","format":"standard","meta":{"fifu_image_url":"","fifu_image_alt":"","footnotes":""},"categories":[2,8],"tags":[],"class_list":["post-11355","post","type-post","status-publish","format-standard","hentry","category-congreso","category-featured"],"_links":{"self":[{"href":"https:\/\/www.interaccionnoticias.com.mx\/index.php?rest_route=\/wp\/v2\/posts\/11355","targetHints":{"allow":["GET"]}}],"collection":[{"href":"https:\/\/www.interaccionnoticias.com.mx\/index.php?rest_route=\/wp\/v2\/posts"}],"about":[{"href":"https:\/\/www.interaccionnoticias.com.mx\/index.php?rest_route=\/wp\/v2\/types\/post"}],"author":[{"embeddable":true,"href":"https:\/\/www.interaccionnoticias.com.mx\/index.php?rest_route=\/wp\/v2\/users\/1"}],"replies":[{"embeddable":true,"href":"https:\/\/www.interaccionnoticias.com.mx\/index.php?rest_route=%2Fwp%2Fv2%2Fcomments&post=11355"}],"version-history":[{"count":0,"href":"https:\/\/www.interaccionnoticias.com.mx\/index.php?rest_route=\/wp\/v2\/posts\/11355\/revisions"}],"wp:attachment":[{"href":"https:\/\/www.interaccionnoticias.com.mx\/index.php?rest_route=%2Fwp%2Fv2%2Fmedia&parent=11355"}],"wp:term":[{"taxonomy":"category","embeddable":true,"href":"https:\/\/www.interaccionnoticias.com.mx\/index.php?rest_route=%2Fwp%2Fv2%2Fcategories&post=11355"},{"taxonomy":"post_tag","embeddable":true,"href":"https:\/\/www.interaccionnoticias.com.mx\/index.php?rest_route=%2Fwp%2Fv2%2Ftags&post=11355"}],"curies":[{"name":"wp","href":"https:\/\/api.w.org\/{rel}","templated":true}]}}