{"id":11351,"date":"2018-01-11T18:34:13","date_gmt":"2018-01-12T00:34:13","guid":{"rendered":"http:\/\/www.inter-accion.com.mx\/?p=11351"},"modified":"2018-01-11T18:34:13","modified_gmt":"2018-01-12T00:34:13","slug":"por-cuestiones-de-salud-no-rinde-protesta-el-alcalde-suplente-de-petatlan","status":"publish","type":"post","link":"https:\/\/www.interaccionnoticias.com.mx\/?p=11351","title":{"rendered":"Por cuestiones de salud, no rinde protesta el alcalde suplente de Petatl\u00e1n"},"content":{"rendered":"<h3 class=\"m_7259026885124245069x_MsoListParagraph\"><strong><span lang=\"ES\">El Congreso reprograma la toma de protesta, pero exige constancias m\u00e9dicas<\/span><\/strong><\/h3>\n<p class=\"m_7259026885124245069x_MsoNormal\"><span lang=\"ES\">Por cuestiones de salud, Jes\u00fas G\u00f3mez P\u00e9rez, alcalde suplente de Petatl\u00e1n no se present\u00f3 a rendir la protesta de rigor ante el Pleno del Congreso local, raz\u00f3n por la que dicho acto se reprogram\u00f3 para la jornada del pr\u00f3ximo lunes 15, si en esa fecha no presenta constancias medicas que justifiquen su ausencia, los diputados dar\u00e1n por hecho que ha renunciado al cargo.&nbsp;&nbsp;&nbsp;<\/span><\/p>\n<p class=\"m_7259026885124245069x_MsoNormal\"><span lang=\"ES\">La noche del 29 de enero, Arturo G\u00f3mez P\u00e9rez, alcalde de Petatl\u00e1n electo constitucionalmente fue atacado a balazos cuando depart\u00eda con un grupo de su generaci\u00f3n escolar, en una pozoler\u00eda de la cabecera municipal.<\/span><\/p>\n<p class=\"m_7259026885124245069x_MsoNormal\"><span lang=\"ES\">El primer edil muri\u00f3 en el lugar de la agresi\u00f3n, raz\u00f3n por la que la s\u00edndica Ang\u00e9lica Garc\u00eda Vargas asumi\u00f3 el encargo del despacho en la alcald\u00eda, hasta en tanto el Congreso reanudaba sus actividades para normalizar la vida institucional en el municipio de Petatl\u00e1n, ubicado en la regi\u00f3n de la Costa Grande.<\/span><\/p>\n<p class=\"m_7259026885124245069x_MsoNormal\"><span lang=\"ES\">La jornada del martes 9 de enero, la comisi\u00f3n de Asuntos Pol\u00edticos, presidida por la diputada del PRD, Rosa Coral Mendoza Falc\u00f3n present\u00f3 un dictamen con el que se notifica el deceso del titular y se llama al suplente para que asuma el espacio.<\/span><\/p>\n<p class=\"m_7259026885124245069x_MsoNormal\"><span lang=\"ES\">En este caso, el titular y suplente son hermanos, as\u00ed los postul\u00f3 el PRD y el Instituto Electoral de Participaci\u00f3n Ciudadana (IEPC) les otorg\u00f3 el registro.<\/span><\/p>\n<p class=\"m_7259026885124245069x_MsoNormal\"><span lang=\"ES\">Una vez que el dictamen de la Comisi\u00f3n de Asuntos Pol\u00edticos se aprob\u00f3 por unanimidad, se esperaba que este jueves 11 el suplente Jes\u00fas G\u00f3mez se presentara para rendir la protesta de rigor, lo que no sucedi\u00f3 por \u201ccuestiones de salud\u201d.<\/span><\/p>\n<p class=\"m_7259026885124245069x_MsoNormal\"><span lang=\"ES\">El presidente de la Mesa Directiva, Eduardo Ignacio Cueva solicit\u00f3 al \u00e1rea jur\u00eddica del Congreso a requerir las constancias m\u00e9dicas del suplente para validar su justificaci\u00f3n, en caso de que Jes\u00fas G\u00f3mez no presente dichas constancias, entonces se tendr\u00e1 por entendido que est\u00e1 renunciando al cargo.<\/span><\/p>\n<p class=\"m_7259026885124245069x_MsoNormal\"><span lang=\"ES\">De configurarse dicho supuesto, el Congreso proceder\u00e1 conforme establece la Ley Org\u00e1nica del Municipio Libre, para designar otro presidente municipal.<\/span><\/p>\n<p class=\"m_7259026885124245069x_MsoNormal\"><span lang=\"ES\">Mientras, los diputados reprogramaron la cita con el alcalde suplente de Petatl\u00e1n para e pr\u00f3ximo lunes 15 de enero.<\/span><\/p>\n","protected":false},"excerpt":{"rendered":"<p>El Congreso reprograma la toma de protesta, pero exige constancias m\u00e9dicas Por cuestiones de salud, Jes\u00fas G\u00f3mez P\u00e9rez, alcalde suplente de Petatl\u00e1n no se present\u00f3 a rendir la protesta de&hellip; <\/p>\n","protected":false},"author":1,"featured_media":0,"comment_status":"closed","ping_status":"closed","sticky":false,"template":"","format":"standard","meta":{"fifu_image_url":"","fifu_image_alt":"","footnotes":""},"categories":[2,8],"tags":[],"class_list":["post-11351","post","type-post","status-publish","format-standard","hentry","category-congreso","category-featured"],"_links":{"self":[{"href":"https:\/\/www.interaccionnoticias.com.mx\/index.php?rest_route=\/wp\/v2\/posts\/11351","targetHints":{"allow":["GET"]}}],"collection":[{"href":"https:\/\/www.interaccionnoticias.com.mx\/index.php?rest_route=\/wp\/v2\/posts"}],"about":[{"href":"https:\/\/www.interaccionnoticias.com.mx\/index.php?rest_route=\/wp\/v2\/types\/post"}],"author":[{"embeddable":true,"href":"https:\/\/www.interaccionnoticias.com.mx\/index.php?rest_route=\/wp\/v2\/users\/1"}],"replies":[{"embeddable":true,"href":"https:\/\/www.interaccionnoticias.com.mx\/index.php?rest_route=%2Fwp%2Fv2%2Fcomments&post=11351"}],"version-history":[{"count":0,"href":"https:\/\/www.interaccionnoticias.com.mx\/index.php?rest_route=\/wp\/v2\/posts\/11351\/revisions"}],"wp:attachment":[{"href":"https:\/\/www.interaccionnoticias.com.mx\/index.php?rest_route=%2Fwp%2Fv2%2Fmedia&parent=11351"}],"wp:term":[{"taxonomy":"category","embeddable":true,"href":"https:\/\/www.interaccionnoticias.com.mx\/index.php?rest_route=%2Fwp%2Fv2%2Fcategories&post=11351"},{"taxonomy":"post_tag","embeddable":true,"href":"https:\/\/www.interaccionnoticias.com.mx\/index.php?rest_route=%2Fwp%2Fv2%2Ftags&post=11351"}],"curies":[{"name":"wp","href":"https:\/\/api.w.org\/{rel}","templated":true}]}}