{"id":11348,"date":"2018-01-11T15:51:03","date_gmt":"2018-01-11T21:51:03","guid":{"rendered":"http:\/\/www.inter-accion.com.mx\/?p=11348"},"modified":"2018-01-11T15:51:03","modified_gmt":"2018-01-11T21:51:03","slug":"marchan-trabajadores-del-ayuntamiento-en-repudio-a-marco-leyva","status":"publish","type":"post","link":"https:\/\/www.interaccionnoticias.com.mx\/?p=11348","title":{"rendered":"Marchan trabajadores del Ayuntamiento en repudio a Marco Leyva"},"content":{"rendered":"<p>Con gritos de \u201c\u00a1fuera Leyva, fuera Leyva!\u201d, trabajadores del Ayuntamiento de Chilpancingo marcharon al Congreso del Estado de Guerrero para exigir la revocaci\u00f3n de mandato y no sea aprobada la solicitud de reincorporaci\u00f3n de Marco Antonio Leyva Mena como alcalde.<br \/>\nLa ma\u00f1ana de este jueves trabajadores del Ayuntamiento capitalino agremiados a la Secci\u00f3n XIV del Sindicato Independiente, de la secci\u00f3n XXVIII del Sindicato \u00danico de Servidores P\u00fablicos del Estado de Guerrero (SUSPEG) y de la secci\u00f3n XV del Sindicato Independiente de la Comisi\u00f3n de Agua Potable y Alcantarillado de Chilpancingo (Capach), se reunieron en diferentes puntos de la ciudad para encabezar junto a sus dirigentes una marcha con destino al Congreso local y exigir a los diputados de la LXI legislatura que rechacen la solicitud que entreg\u00f3 el alcaldecon licencia el d\u00eda 8 de enero y que ratific\u00f3el d\u00eda 10.<br \/>\nA la protesta se unieron trabajadores de la direcci\u00f3n de Imagen Urbana encabezados por su secretario Carlos Ram\u00edrez Gonz\u00e1lez. Al llegar al Congreso los contingentes bloquearon la avenida Tr\u00e9bol Sur, en ambos carriles.<br \/>\nLos inconformes tacharon de mentiroso y ratero a Leyva Mena.<br \/>\nAl filo de las 11:40 horas una comisi\u00f3n ingres\u00f3 a las instalaciones del poder legislativo para entregar un documento donde expresaron su repudio al posible regreso a la alcald\u00eda.<br \/>\nLa comisi\u00f3n se reuni\u00f3 con el Presidente de la Mesa Directiva, el diputado Eduardo Ignacio Neil Cueva Ru\u00edz, quien les inform\u00f3 que analizar\u00e1n su petici\u00f3n para poderles entregar un dictamen con base a la ley el pr\u00f3ximo martes. Con ello la protesta y el bloqueo culmin\u00f3 alrededor de las 13:00 horas.<br \/>\nLos opositores a Leyva Mena adelantaron que si el pr\u00f3ximo martes el Congreso les da una respuesta negativa volver\u00e1n a las protestas para seguir pidiendo la revocaci\u00f3n de mandato.<\/p>\n","protected":false},"excerpt":{"rendered":"<p>Con gritos de \u201c\u00a1fuera Leyva, fuera Leyva!\u201d, trabajadores del Ayuntamiento de Chilpancingo marcharon al Congreso del Estado de Guerrero para exigir la revocaci\u00f3n de mandato y no sea aprobada la&hellip; <\/p>\n","protected":false},"author":1,"featured_media":0,"comment_status":"closed","ping_status":"closed","sticky":false,"template":"","format":"standard","meta":{"fifu_image_url":"","fifu_image_alt":"","footnotes":""},"categories":[13,8],"tags":[],"class_list":["post-11348","post","type-post","status-publish","format-standard","hentry","category-capital","category-featured"],"_links":{"self":[{"href":"https:\/\/www.interaccionnoticias.com.mx\/index.php?rest_route=\/wp\/v2\/posts\/11348","targetHints":{"allow":["GET"]}}],"collection":[{"href":"https:\/\/www.interaccionnoticias.com.mx\/index.php?rest_route=\/wp\/v2\/posts"}],"about":[{"href":"https:\/\/www.interaccionnoticias.com.mx\/index.php?rest_route=\/wp\/v2\/types\/post"}],"author":[{"embeddable":true,"href":"https:\/\/www.interaccionnoticias.com.mx\/index.php?rest_route=\/wp\/v2\/users\/1"}],"replies":[{"embeddable":true,"href":"https:\/\/www.interaccionnoticias.com.mx\/index.php?rest_route=%2Fwp%2Fv2%2Fcomments&post=11348"}],"version-history":[{"count":0,"href":"https:\/\/www.interaccionnoticias.com.mx\/index.php?rest_route=\/wp\/v2\/posts\/11348\/revisions"}],"wp:attachment":[{"href":"https:\/\/www.interaccionnoticias.com.mx\/index.php?rest_route=%2Fwp%2Fv2%2Fmedia&parent=11348"}],"wp:term":[{"taxonomy":"category","embeddable":true,"href":"https:\/\/www.interaccionnoticias.com.mx\/index.php?rest_route=%2Fwp%2Fv2%2Fcategories&post=11348"},{"taxonomy":"post_tag","embeddable":true,"href":"https:\/\/www.interaccionnoticias.com.mx\/index.php?rest_route=%2Fwp%2Fv2%2Ftags&post=11348"}],"curies":[{"name":"wp","href":"https:\/\/api.w.org\/{rel}","templated":true}]}}