{"id":11342,"date":"2018-01-10T21:26:43","date_gmt":"2018-01-11T03:26:43","guid":{"rendered":"http:\/\/www.inter-accion.com.mx\/?p=11342"},"modified":"2018-01-10T21:26:43","modified_gmt":"2018-01-11T03:26:43","slug":"el-congreso-no-define-a-fiscal-en-materia-de-desaparicion-forzada","status":"publish","type":"post","link":"https:\/\/www.interaccionnoticias.com.mx\/?p=11342","title":{"rendered":"El Congreso no define a fiscal en materia de desaparici\u00f3n forzada"},"content":{"rendered":"<h3><strong>12 de enero, fecha l\u00edmite para definir una nueva propuesta de fiscal<\/strong><\/h3>\n<p>Colectivos de familiares de desparecidos sin repuesta del Congreso local, para definir a un nuevo encargado de la fiscal\u00eda especializada en materia de desaparici\u00f3n forzada y b\u00fasqueda de personas desaparecidas, tan solo restan dos d\u00edas antes que autom\u00e1ticamente se d\u00e9 por&nbsp; aprobada la propuesta enviada por el Fiscal Xavier Olea Pel\u00e1ez.<br \/>\nEl pasado lunes se llev\u00f3 a cabo \u201cLa Marcha de los Reyes Magos\u201d en la capital, donde los representantes de los colectivos de Chilapa, Acapulco, Iguala y Chilpancingo acudieron al recinto del poder legislativo para entregar a la Junta de Coordinaci\u00f3n Pol\u00edtica un documento, donde se propone que se realice una convocatoria para que los familiares de las victimas tengan participaci\u00f3n en la elecci\u00f3n del nuevo fiscal.<br \/>\nEl a\u00f1o pasado los diputados decidieron aplazar el tema, y trasladarlos a las sesiones del presente a\u00f1o, situaci\u00f3n que preocupa a los colectivos, ya que Ley Org\u00e1nica del Poder Legislativo otorga 30 d\u00edas h\u00e1biles, de no dar el visto bueno o ser rechazada la propuesta, autom\u00e1ticamente Mar\u00eda Guadalupe Rend\u00f3n Ram\u00edrez quedar\u00eda al frente de dicha fiscal\u00eda especializada el 12 enero.<br \/>\nDurante esta semana se reiniciaron labores en el Congreso, celebrando la primera sesi\u00f3n del a\u00f1o el martes pasado, donde no se toc\u00f3 el tema de la fiscal\u00eda especializada, lo que ha causado la inconformidad de los familiares, que temen que las peticiones realizadas a las instancias del estado sean ignoradas.<br \/>\n&nbsp;<br \/>\n&nbsp;<\/p>\n","protected":false},"excerpt":{"rendered":"<p>12 de enero, fecha l\u00edmite para definir una nueva propuesta de fiscal Colectivos de familiares de desparecidos sin repuesta del Congreso local, para definir a un nuevo encargado de la&hellip; <\/p>\n","protected":false},"author":1,"featured_media":0,"comment_status":"closed","ping_status":"closed","sticky":false,"template":"","format":"standard","meta":{"fifu_image_url":"","fifu_image_alt":"","footnotes":""},"categories":[8,15],"tags":[],"class_list":["post-11342","post","type-post","status-publish","format-standard","hentry","category-featured","category-movimientos-sociales"],"_links":{"self":[{"href":"https:\/\/www.interaccionnoticias.com.mx\/index.php?rest_route=\/wp\/v2\/posts\/11342","targetHints":{"allow":["GET"]}}],"collection":[{"href":"https:\/\/www.interaccionnoticias.com.mx\/index.php?rest_route=\/wp\/v2\/posts"}],"about":[{"href":"https:\/\/www.interaccionnoticias.com.mx\/index.php?rest_route=\/wp\/v2\/types\/post"}],"author":[{"embeddable":true,"href":"https:\/\/www.interaccionnoticias.com.mx\/index.php?rest_route=\/wp\/v2\/users\/1"}],"replies":[{"embeddable":true,"href":"https:\/\/www.interaccionnoticias.com.mx\/index.php?rest_route=%2Fwp%2Fv2%2Fcomments&post=11342"}],"version-history":[{"count":0,"href":"https:\/\/www.interaccionnoticias.com.mx\/index.php?rest_route=\/wp\/v2\/posts\/11342\/revisions"}],"wp:attachment":[{"href":"https:\/\/www.interaccionnoticias.com.mx\/index.php?rest_route=%2Fwp%2Fv2%2Fmedia&parent=11342"}],"wp:term":[{"taxonomy":"category","embeddable":true,"href":"https:\/\/www.interaccionnoticias.com.mx\/index.php?rest_route=%2Fwp%2Fv2%2Fcategories&post=11342"},{"taxonomy":"post_tag","embeddable":true,"href":"https:\/\/www.interaccionnoticias.com.mx\/index.php?rest_route=%2Fwp%2Fv2%2Ftags&post=11342"}],"curies":[{"name":"wp","href":"https:\/\/api.w.org\/{rel}","templated":true}]}}