{"id":11335,"date":"2018-01-10T18:51:16","date_gmt":"2018-01-11T00:51:16","guid":{"rendered":"http:\/\/www.inter-accion.com.mx\/?p=11335"},"modified":"2018-01-10T18:51:16","modified_gmt":"2018-01-11T00:51:16","slug":"pri-de-chilpancingo-le-da-la-espalda-a-leyva-mena","status":"publish","type":"post","link":"https:\/\/www.interaccionnoticias.com.mx\/?p=11335","title":{"rendered":"PRI de Chilpancingo le da la espalda a Leyva Mena"},"content":{"rendered":"<h3 class=\"m_5148269819898757702x_MsoListParagraph\"><strong><span lang=\"ES\">Rechaza dirigencia municipal actitudes protag\u00f3nicas&nbsp;&nbsp;<\/span><\/strong><\/h3>\n<p class=\"m_5148269819898757702x_MsoNormal\"><span lang=\"ES\">El presidente del Comit\u00e9 Ejecutivo Municipal (CEM) del PRI en Chilpancingo, Celso Atrixco Nava reprob\u00f3 la forma en que el alcalde con licencia, Marco Antonio Leyva Mena se introdujo a la oficina de la presidencia municipal durante la ma\u00f1ana del lunes, por lo que manifest\u00f3 su respaldo al alcalde en funciones, Jes\u00fas Tejeda Vargas.<\/span><\/p>\n<p class=\"m_5148269819898757702x_MsoNormal\"><span lang=\"ES\">En el centro de la ciudad, Atrixco Nava reconoci\u00f3 que la actitud asumida por Leyva Mena, sin lugar a dudas representa un problema para el PRI, aunque se apresur\u00f3 a deslindar lo que sostuvo, es solo la actitud de una persona.<\/span><\/p>\n<p class=\"m_5148269819898757702x_MsoNormal\"><span lang=\"ES\">\u201cEl partido no solo es Marco Leyva, el partido es un equipo que ha venido trabajando en todo lo largo y ancho del municipio, estamos trabajando con los presidentes de los comit\u00e9s seccionales de colonias; los jefes de sector, los s\u00edndicos, regidores, diputados locales y con la diputada federal, m\u00e1s los sectores y organizaciones del partido\u201d, anot\u00f3.<\/span><\/p>\n<p class=\"m_5148269819898757702x_MsoNormal\"><span lang=\"ES\">Hasta el momento, destac\u00f3 que el diferendo que sostienen el alcalde con licencia y el presidente en funciones no ha generado divisi\u00f3n al seno del tricolor.<\/span><\/p>\n<p class=\"m_5148269819898757702x_MsoNormal\"><span lang=\"ES\">En realidad, dijo que en el PRI est\u00e1n trabajando en sincron\u00eda, conscientes de que el reto principal est\u00e1 en los comicios de julio pr\u00f3ximo.<\/span><\/p>\n<p class=\"m_5148269819898757702x_MsoNormal\"><span lang=\"ES\">Reconoci\u00f3 que Leyva puede en estos momentos generar pol\u00e9mica por sus acciones, pero tambi\u00e9n refiri\u00f3 que sigue dentro de las filas del PRI.<\/span><\/p>\n<p class=\"m_5148269819898757702x_MsoNormal\"><span lang=\"ES\">Desestim\u00f3 la posibilidad de buscar a Leyva para dialogar con \u00e9l, aunque confi\u00f3 en que el ex dirigente estatal del partido y tambi\u00e9n ex diputado local, llegado el momento habr\u00e1 de seguir los canales adecuados para estar en condiciones de regresar a la presidencia del ayuntamiento.<\/span><\/p>\n<p class=\"m_5148269819898757702x_MsoNormal\"><span lang=\"ES\">Atrixco anot\u00f3: \u201cLo que s\u00ed considero es que la actitud que asumi\u00f3 fue protag\u00f3nica y no es la correcta, el partido rechaza toda acci\u00f3n protag\u00f3nica de cualquiera de sus militantes\u201d.&nbsp;&nbsp;&nbsp;&nbsp;&nbsp;<\/span><\/p>\n<p class=\"m_5148269819898757702x_MsoNormal\"><span lang=\"ES\">Por el momento, dijo que el comit\u00e9 municipal del PRI respalda al alcalde en funciones Jes\u00fas Tejeda Vargas, porque se trata de un partido leal a las instituciones.<\/span><\/p>\n","protected":false},"excerpt":{"rendered":"<p>Rechaza dirigencia municipal actitudes protag\u00f3nicas&nbsp;&nbsp; El presidente del Comit\u00e9 Ejecutivo Municipal (CEM) del PRI en Chilpancingo, Celso Atrixco Nava reprob\u00f3 la forma en que el alcalde con licencia, Marco Antonio&hellip; <\/p>\n","protected":false},"author":1,"featured_media":0,"comment_status":"closed","ping_status":"closed","sticky":false,"template":"","format":"standard","meta":{"fifu_image_url":"","fifu_image_alt":"","footnotes":""},"categories":[13,8],"tags":[],"class_list":["post-11335","post","type-post","status-publish","format-standard","hentry","category-capital","category-featured"],"_links":{"self":[{"href":"https:\/\/www.interaccionnoticias.com.mx\/index.php?rest_route=\/wp\/v2\/posts\/11335","targetHints":{"allow":["GET"]}}],"collection":[{"href":"https:\/\/www.interaccionnoticias.com.mx\/index.php?rest_route=\/wp\/v2\/posts"}],"about":[{"href":"https:\/\/www.interaccionnoticias.com.mx\/index.php?rest_route=\/wp\/v2\/types\/post"}],"author":[{"embeddable":true,"href":"https:\/\/www.interaccionnoticias.com.mx\/index.php?rest_route=\/wp\/v2\/users\/1"}],"replies":[{"embeddable":true,"href":"https:\/\/www.interaccionnoticias.com.mx\/index.php?rest_route=%2Fwp%2Fv2%2Fcomments&post=11335"}],"version-history":[{"count":0,"href":"https:\/\/www.interaccionnoticias.com.mx\/index.php?rest_route=\/wp\/v2\/posts\/11335\/revisions"}],"wp:attachment":[{"href":"https:\/\/www.interaccionnoticias.com.mx\/index.php?rest_route=%2Fwp%2Fv2%2Fmedia&parent=11335"}],"wp:term":[{"taxonomy":"category","embeddable":true,"href":"https:\/\/www.interaccionnoticias.com.mx\/index.php?rest_route=%2Fwp%2Fv2%2Fcategories&post=11335"},{"taxonomy":"post_tag","embeddable":true,"href":"https:\/\/www.interaccionnoticias.com.mx\/index.php?rest_route=%2Fwp%2Fv2%2Ftags&post=11335"}],"curies":[{"name":"wp","href":"https:\/\/api.w.org\/{rel}","templated":true}]}}