{"id":11326,"date":"2018-01-10T18:01:02","date_gmt":"2018-01-11T00:01:02","guid":{"rendered":"http:\/\/www.inter-accion.com.mx\/?p=11326"},"modified":"2018-01-10T18:01:02","modified_gmt":"2018-01-11T00:01:02","slug":"rectifica-marco-leyva-su-peticion-de-regresar-a-la-alcaldia-de-chilpancingo","status":"publish","type":"post","link":"https:\/\/www.interaccionnoticias.com.mx\/?p=11326","title":{"rendered":"Rectifica Marco Leyva su petici\u00f3n de regresar a la alcald\u00eda de Chilpancingo"},"content":{"rendered":"<h3><strong>Tras el apercibimiento hecho por el Congreso local<\/strong><\/h3>\n<p class=\"m_-914118375250325258x_MsoNormal\">&nbsp;<\/p>\n<p class=\"m_-914118375250325258x_MsoNormal\"><span lang=\"ES\">El alcalde con licencia&nbsp;&nbsp;de Chilpancingo, Marco Antonio Leyva Mena rectific\u00f3 los t\u00e9rminos en que pidi\u00f3 al Congreso local su reincorporaci\u00f3n el cargo, ahora lo hizo cumpliendo todos los protocolos que establece la norma.<\/span><\/p>\n<p class=\"m_-914118375250325258x_MsoNormal\"><span lang=\"ES\">La ma\u00f1ana del lunes 8 de enero, el alcalde con licencia de la capital del estado, Marco Antonio Leyva Mena entreg\u00f3 a la Oficial\u00eda Mayor del Congreso local un escrito con el que notifica su reincorporaci\u00f3n al cargo del que se separ\u00f3 la jornada del 16 de octubre, cuando estaba a punto de dictaminarse un juicio de revocaci\u00f3n de mandato en su contra.<\/span><\/p>\n<p class=\"m_-914118375250325258x_MsoNormal\"><span lang=\"ES\">El texto fue cuestionado por los diputados locales, a partir de los t\u00e9rminos en que se redact\u00f3, pues de acuerdo con la presidenta de la Junta de Coordinaci\u00f3n Pol\u00edtica, Flor A\u00f1orve Ocampo, en el texto \u201cno pide nada\u201d.<\/span><\/p>\n<p class=\"m_-914118375250325258x_MsoNormal\"><span lang=\"ES\">El documento entregado por Leyva se\u00f1ala lo siguiente: \u201cPor este conducto, me permito informar a esta honorable soberan\u00eda de mi reincorporaci\u00f3n a las funciones de presidente municipal de Chilpancingo de los Bravo\u201d.<\/span><\/p>\n<p class=\"m_-914118375250325258x_MsoNormal\"><span lang=\"ES\">Agrega: \u201cLo anterior, con la garant\u00eda que me ofrece la Constituci\u00f3n General de la Rep\u00fablica, la relativa al estado de Guerrero y las dem\u00e1s leyes secundarias vigentes en la materia. Sirva la presente para que a partir de la fecha indicada, se surtan los efectos legales pertinentes\u201d.<\/span><\/p>\n<p class=\"m_-914118375250325258x_MsoNormal\"><span lang=\"ES\">Los t\u00e9rminos en que se redact\u00f3 dicho documento, as\u00ed como el hecho de que Leyva se introdujera a la presidencia municipal sin esperar un dictamen del Congreso local, provoc\u00f3 que los diputados le hicieran un exhorto a respetar las instituciones y la ley.<\/span><\/p>\n<p class=\"m_-914118375250325258x_MsoNormal\"><span lang=\"ES\">La tarde del mi\u00e9rcoles 10 de enero, a las 13:38 horas, Leyva Mena entreg\u00f3 un nuevo documento a la Oficial\u00eda Mayor del Congreso, en el que rectifica los t\u00e9rminos y fundamenta la petici\u00f3n de que se le reincorpore en el cargo.<\/span><\/p>\n<p class=\"m_-914118375250325258x_MsoNormal\"><span lang=\"ES\">\u201cToda vez que no existen motivos para seguir con dicha licencia, me permito solicitar a usted, someta al Pleno de ese Honorable Congreso del Estado, mi solicitud para reincorporarme al Congreso y funciones de presidente municipal Constucional, que mediante el voto popular el pueblo de Chilpancingo me confiri\u00f3 en las elecciones celebradas el 7 de junio del a\u00f1o 2015, para el periodo 2015-2018\u201d.<\/span><\/p>\n<p class=\"m_-914118375250325258x_MsoNormal\"><span lang=\"ES\">En consecuencia, Leyva se dirige al presidente de la Mesa Directiva y pide: \u201cUnico.- Someter a consideraci\u00f3n del Pleno de la honorable asamblea, dejar sin efecto la licencia que mediante decreto n\u00famero 486, la sexag\u00e9sima primera Legislatura al honorable Congreso del Estado de Guerrero, me autoriza de manera indefinida. Como consecuencia, se me reincorpore al cargo y funciones de presidente municipal de Chilpancingo de los Bravo\u201d.<\/span><\/p>\n<p class=\"m_-914118375250325258x_MsoNormal\"><span lang=\"ES\">Se espera que este jueves 11 de enero, el Pleno sesiones para votar un dictamen presentado por la Comisi\u00f3n de Asuntos Pol\u00edticos, que preside la diputada local del PRD Rosa Coral Mendoza Falc\u00f3n, con base al primer documento presentado por Marco Antonio Leyva Mena.<\/span><\/p>\n","protected":false},"excerpt":{"rendered":"<p>Tras el apercibimiento hecho por el Congreso local &nbsp; El alcalde con licencia&nbsp;&nbsp;de Chilpancingo, Marco Antonio Leyva Mena rectific\u00f3 los t\u00e9rminos en que pidi\u00f3 al Congreso local su reincorporaci\u00f3n el&hellip; <\/p>\n","protected":false},"author":1,"featured_media":0,"comment_status":"closed","ping_status":"closed","sticky":false,"template":"","format":"standard","meta":{"fifu_image_url":"","fifu_image_alt":"","footnotes":""},"categories":[13,8],"tags":[],"class_list":["post-11326","post","type-post","status-publish","format-standard","hentry","category-capital","category-featured"],"_links":{"self":[{"href":"https:\/\/www.interaccionnoticias.com.mx\/index.php?rest_route=\/wp\/v2\/posts\/11326","targetHints":{"allow":["GET"]}}],"collection":[{"href":"https:\/\/www.interaccionnoticias.com.mx\/index.php?rest_route=\/wp\/v2\/posts"}],"about":[{"href":"https:\/\/www.interaccionnoticias.com.mx\/index.php?rest_route=\/wp\/v2\/types\/post"}],"author":[{"embeddable":true,"href":"https:\/\/www.interaccionnoticias.com.mx\/index.php?rest_route=\/wp\/v2\/users\/1"}],"replies":[{"embeddable":true,"href":"https:\/\/www.interaccionnoticias.com.mx\/index.php?rest_route=%2Fwp%2Fv2%2Fcomments&post=11326"}],"version-history":[{"count":0,"href":"https:\/\/www.interaccionnoticias.com.mx\/index.php?rest_route=\/wp\/v2\/posts\/11326\/revisions"}],"wp:attachment":[{"href":"https:\/\/www.interaccionnoticias.com.mx\/index.php?rest_route=%2Fwp%2Fv2%2Fmedia&parent=11326"}],"wp:term":[{"taxonomy":"category","embeddable":true,"href":"https:\/\/www.interaccionnoticias.com.mx\/index.php?rest_route=%2Fwp%2Fv2%2Fcategories&post=11326"},{"taxonomy":"post_tag","embeddable":true,"href":"https:\/\/www.interaccionnoticias.com.mx\/index.php?rest_route=%2Fwp%2Fv2%2Ftags&post=11326"}],"curies":[{"name":"wp","href":"https:\/\/api.w.org\/{rel}","templated":true}]}}