{"id":11324,"date":"2018-01-10T15:41:32","date_gmt":"2018-01-10T21:41:32","guid":{"rendered":"http:\/\/www.inter-accion.com.mx\/?p=11324"},"modified":"2018-01-10T15:41:32","modified_gmt":"2018-01-10T21:41:32","slug":"cortos","status":"publish","type":"post","link":"https:\/\/www.interaccionnoticias.com.mx\/?p=11324","title":{"rendered":"CORTOS"},"content":{"rendered":"<p>Sin l\u00edmites\u2026As\u00ed es, pareciera que no tienen l\u00edmites el cinismo, desfachatez, ambici\u00f3n y valemadrismo del ex alcalde de Chilpancingo, Marco Antonio Leyva Mena, quien el 16 de octubre del a\u00f1o pasado, envi\u00f3 al Congreso del Estado el oficio N\u00famero SP\/688, en el que textualmente apunt\u00f3: \u201cCon base al art\u00edculo 91 de la Ley Org\u00e1nica del Municipio Libre del Estado de Guerrero, por este conducto me permito solicitar a ustedes licencia Indefinida al cargo de Presidente Municipal de Chilpancingo 2015-2018, durante el resto periodo, a partir de esta fecha, por razones personales\u201d\u2026Y, o alguien le jug\u00f3 una mala pasada, o el se\u00f1or simplemente no ley\u00f3 lo que firm\u00f3\u2026Tal vez no sabe leer o simplemente le vale madre todo lo que le ocurra a la maltratad\u00edsima capital del Estado\u2026As\u00ed, el lunes reapareci\u00f3 en la escena p\u00fablica con el pretexto de dar a conocer su \u201cAsociaci\u00f3n Civil\u201d\u2026Obviamente se trataba de una m\u00e1s de las miles de mentiras del execrado presidente municipal, qui\u00e9n aprovech\u00f3 la asistencia de los representantes de los medios, para anunciar, de buenas a primeras, que regresaba a su ex oficina\u2026Con la desverg\u00fcenza que lo caracteriza, Leyva Mena intent\u00f3 parecer sesudo, inteligente y avezado -nada que ver con \u00e9l- y mencion\u00f3 que los cargos de elecci\u00f3n popular son irrenunciables\u2026Y aunque esto \u00faltimo es cierto, tambi\u00e9n es absolutamente inaceptable que de buenas a primeras se despierte y decida que su solicitud de licencia \u201cal periodo\u201d fue solo un mal sue\u00f1o\u2026\u00bfO a qu\u00e9 periodo se refer\u00eda el se\u00f1or cuando envi\u00f3 su escueto oficio a los diputados, a su periodo de andropausia, o cu\u00e1l?\u2026Si se trata de una broma es muy mala, sobre todo porque el malandr\u00edn este se atrevi\u00f3 a decir que \u201cla basura, la falta de obras, el exceso de baches y obras inconclusas, as\u00ed como la falta de pago a los empleados, no son raz\u00f3n para que el Congreso del Estado haya iniciado un Juicio de Procedencia que llevar\u00eda a la revocaci\u00f3n del cargo o mandato\u201d\u2026Leyva Mena considera que ninguna de \u00e9stas razones es suficiente para que \u00e9l haya dejado la presidencia municipal de Chilpancingo\u2026A\u00fan m\u00e1s, tambi\u00e9n se atrevi\u00f3 a se\u00f1alar que regresar\u00e1 a la alcald\u00eda pese a que tiene \u201cdiferencias\u201d con el gobernador H\u00e9ctor Astudillo Flores, y digo que se atrevi\u00f3 porque lo que tiene es una caradura enorme\u2026\u00bfDiferencias? \u00bfYa se le olvid\u00f3 que fue precisamente el Gobierno del Estado qui\u00e9n corri\u00f3 en su auxilio para resolverle el problema de la basura? \u00bfNo recuerda que el Gobierno del Estado fue el que sali\u00f3 a las calles a tapar esos baches enormes que para cualquiera de mi estatura eran algo as\u00ed como albercas ol\u00edmpicas? Neta \u00bfO se quiere pasar de listo, o realmente es muy pendejo?..Es pregunta\u2026 Si en este momento le preguntaran a usted, estimad\u00edsimo lector: \u00bfTe gustar\u00eda que Marco Antonio Leyva regresara a la Presidencia Municipal de Chilpancingo, que responder\u00edas? Au Revoir queridines, conf\u00edo en que a part\u00edr de hoy podamos escribirnos m\u00e1s seguido, Gracias. Dudas, quejas, preguntas y mentadas <a href=\"mailto:alejandritaortizochoa@gmail.com\">alejandritaortizochoa@gmail.com<\/a><\/p>\n","protected":false},"excerpt":{"rendered":"<p>Sin l\u00edmites\u2026As\u00ed es, pareciera que no tienen l\u00edmites el cinismo, desfachatez, ambici\u00f3n y valemadrismo del ex alcalde de Chilpancingo, Marco Antonio Leyva Mena, quien el 16 de octubre del a\u00f1o&hellip; <\/p>\n","protected":false},"author":1,"featured_media":0,"comment_status":"closed","ping_status":"closed","sticky":false,"template":"","format":"standard","meta":{"fifu_image_url":"","fifu_image_alt":"","footnotes":""},"categories":[16],"tags":[],"class_list":["post-11324","post","type-post","status-publish","format-standard","hentry","category-opinion"],"_links":{"self":[{"href":"https:\/\/www.interaccionnoticias.com.mx\/index.php?rest_route=\/wp\/v2\/posts\/11324","targetHints":{"allow":["GET"]}}],"collection":[{"href":"https:\/\/www.interaccionnoticias.com.mx\/index.php?rest_route=\/wp\/v2\/posts"}],"about":[{"href":"https:\/\/www.interaccionnoticias.com.mx\/index.php?rest_route=\/wp\/v2\/types\/post"}],"author":[{"embeddable":true,"href":"https:\/\/www.interaccionnoticias.com.mx\/index.php?rest_route=\/wp\/v2\/users\/1"}],"replies":[{"embeddable":true,"href":"https:\/\/www.interaccionnoticias.com.mx\/index.php?rest_route=%2Fwp%2Fv2%2Fcomments&post=11324"}],"version-history":[{"count":0,"href":"https:\/\/www.interaccionnoticias.com.mx\/index.php?rest_route=\/wp\/v2\/posts\/11324\/revisions"}],"wp:attachment":[{"href":"https:\/\/www.interaccionnoticias.com.mx\/index.php?rest_route=%2Fwp%2Fv2%2Fmedia&parent=11324"}],"wp:term":[{"taxonomy":"category","embeddable":true,"href":"https:\/\/www.interaccionnoticias.com.mx\/index.php?rest_route=%2Fwp%2Fv2%2Fcategories&post=11324"},{"taxonomy":"post_tag","embeddable":true,"href":"https:\/\/www.interaccionnoticias.com.mx\/index.php?rest_route=%2Fwp%2Fv2%2Ftags&post=11324"}],"curies":[{"name":"wp","href":"https:\/\/api.w.org\/{rel}","templated":true}]}}