{"id":11311,"date":"2018-01-10T00:05:17","date_gmt":"2018-01-10T06:05:17","guid":{"rendered":"http:\/\/www.inter-accion.com.mx\/?p=11311"},"modified":"2018-01-10T00:05:17","modified_gmt":"2018-01-10T06:05:17","slug":"se-reune-gobierno-con-habitantes-de-ixcuinatoyac-y-santiago-petlacala","status":"publish","type":"post","link":"https:\/\/www.interaccionnoticias.com.mx\/?p=11311","title":{"rendered":"SE REUNE GOBIERNO CON HABITANTES DE IXCUINATOYAC Y SANTIAGO PETLACALA."},"content":{"rendered":"<p><img loading=\"lazy\" decoding=\"async\" src=\"data:image\/gif;base64,R0lGODlhAQABAIAAAAAAAP\/\/\/ywAAAAAAQABAAACAUwAOw==\" fifu-lazy=\"1\" fifu-data-sizes=\"auto\" fifu-data-srcset=\"https:\/\/i3.wp.com\/www.inter-accion.com.mx\/wp-content\/uploads\/2018\/01\/WhatsApp-Image-2018-01-09-at-5.34.58-PM.jpeg?ssl=1&w=75&resize=75&ssl=1 75w, https:\/\/i3.wp.com\/www.inter-accion.com.mx\/wp-content\/uploads\/2018\/01\/WhatsApp-Image-2018-01-09-at-5.34.58-PM.jpeg?ssl=1&w=100&resize=100&ssl=1 100w, https:\/\/i3.wp.com\/www.inter-accion.com.mx\/wp-content\/uploads\/2018\/01\/WhatsApp-Image-2018-01-09-at-5.34.58-PM.jpeg?ssl=1&w=150&resize=150&ssl=1 150w, https:\/\/i3.wp.com\/www.inter-accion.com.mx\/wp-content\/uploads\/2018\/01\/WhatsApp-Image-2018-01-09-at-5.34.58-PM.jpeg?ssl=1&w=240&resize=240&ssl=1 240w, https:\/\/i3.wp.com\/www.inter-accion.com.mx\/wp-content\/uploads\/2018\/01\/WhatsApp-Image-2018-01-09-at-5.34.58-PM.jpeg?ssl=1&w=320&resize=320&ssl=1 320w, https:\/\/i3.wp.com\/www.inter-accion.com.mx\/wp-content\/uploads\/2018\/01\/WhatsApp-Image-2018-01-09-at-5.34.58-PM.jpeg?ssl=1&w=500&resize=500&ssl=1 500w, https:\/\/i3.wp.com\/www.inter-accion.com.mx\/wp-content\/uploads\/2018\/01\/WhatsApp-Image-2018-01-09-at-5.34.58-PM.jpeg?ssl=1&w=640&resize=640&ssl=1 640w, https:\/\/i3.wp.com\/www.inter-accion.com.mx\/wp-content\/uploads\/2018\/01\/WhatsApp-Image-2018-01-09-at-5.34.58-PM.jpeg?ssl=1&w=800&resize=800&ssl=1 800w, https:\/\/i3.wp.com\/www.inter-accion.com.mx\/wp-content\/uploads\/2018\/01\/WhatsApp-Image-2018-01-09-at-5.34.58-PM.jpeg?ssl=1&w=1024&resize=1024&ssl=1 1024w, https:\/\/i3.wp.com\/www.inter-accion.com.mx\/wp-content\/uploads\/2018\/01\/WhatsApp-Image-2018-01-09-at-5.34.58-PM.jpeg?ssl=1&w=1280&resize=1280&ssl=1 1280w, https:\/\/i3.wp.com\/www.inter-accion.com.mx\/wp-content\/uploads\/2018\/01\/WhatsApp-Image-2018-01-09-at-5.34.58-PM.jpeg?ssl=1&w=1600&resize=1600&ssl=1 1600w\" class=\"alignnone size-full wp-image-11312\" fifu-data-src=\"https:\/\/i3.wp.com\/www.inter-accion.com.mx\/wp-content\/uploads\/2018\/01\/WhatsApp-Image-2018-01-09-at-5.34.58-PM.jpeg?ssl=1\" alt=\"\" width=\"1024\" height=\"768\">Huajapan de Le\u00f3n 09 de enero 2018.-Con el prop\u00f3sito de preservar la tranquilidad y salvaguardar a los habitantes de Ixcuinatoyac del Estado de Guerrero, y Santiago Petlacala de Oaxaca, el Subsecretario de Gobierno para Asuntos Agrarios, Fernando Jaimes Ferrel, se reuni\u00f3 en Huajuapan de Le\u00f3n con las comunidades antes mencionadas.<br \/>\nEn este encuentro se acord\u00f3 suspender las agresiones que durante 20 d\u00edas estaban provocando disturbios y buscar una soluci\u00f3n pr\u00e1ctica.<br \/>\nSe convino que se celebrar\u00e1 en Ixcuinatoyac una asamblea el 12 de este mes, para explicar los acuerdos; en ella se resolver\u00e1 la ejecuci\u00f3n de trabajos topogr\u00e1ficos de la zona de conflicto.<br \/>\nEntre tanto, se permitir\u00e1 que los habitantes de Santiago Petlacala, levanten sus cosechas que est\u00e1n en el \u00e1rea de conflicto y cualquiera de las partes que viole los acuerdos, ser\u00e1 sancionada conforme a derecho.<\/p>\n","protected":false},"excerpt":{"rendered":"<p>Huajapan de Le\u00f3n 09 de enero 2018.-Con el prop\u00f3sito de preservar la tranquilidad y salvaguardar a los habitantes de Ixcuinatoyac del Estado de Guerrero, y Santiago Petlacala de Oaxaca, el&hellip; <\/p>\n","protected":false},"author":1,"featured_media":0,"comment_status":"closed","ping_status":"closed","sticky":false,"template":"","format":"standard","meta":{"fifu_image_url":"","fifu_image_alt":"","footnotes":""},"categories":[11],"tags":[],"class_list":["post-11311","post","type-post","status-publish","format-standard","hentry","category-guerrero"],"_links":{"self":[{"href":"https:\/\/www.interaccionnoticias.com.mx\/index.php?rest_route=\/wp\/v2\/posts\/11311","targetHints":{"allow":["GET"]}}],"collection":[{"href":"https:\/\/www.interaccionnoticias.com.mx\/index.php?rest_route=\/wp\/v2\/posts"}],"about":[{"href":"https:\/\/www.interaccionnoticias.com.mx\/index.php?rest_route=\/wp\/v2\/types\/post"}],"author":[{"embeddable":true,"href":"https:\/\/www.interaccionnoticias.com.mx\/index.php?rest_route=\/wp\/v2\/users\/1"}],"replies":[{"embeddable":true,"href":"https:\/\/www.interaccionnoticias.com.mx\/index.php?rest_route=%2Fwp%2Fv2%2Fcomments&post=11311"}],"version-history":[{"count":0,"href":"https:\/\/www.interaccionnoticias.com.mx\/index.php?rest_route=\/wp\/v2\/posts\/11311\/revisions"}],"wp:attachment":[{"href":"https:\/\/www.interaccionnoticias.com.mx\/index.php?rest_route=%2Fwp%2Fv2%2Fmedia&parent=11311"}],"wp:term":[{"taxonomy":"category","embeddable":true,"href":"https:\/\/www.interaccionnoticias.com.mx\/index.php?rest_route=%2Fwp%2Fv2%2Fcategories&post=11311"},{"taxonomy":"post_tag","embeddable":true,"href":"https:\/\/www.interaccionnoticias.com.mx\/index.php?rest_route=%2Fwp%2Fv2%2Ftags&post=11311"}],"curies":[{"name":"wp","href":"https:\/\/api.w.org\/{rel}","templated":true}]}}