{"id":11305,"date":"2018-01-09T23:09:04","date_gmt":"2018-01-10T05:09:04","guid":{"rendered":"http:\/\/www.inter-accion.com.mx\/?p=11305"},"modified":"2018-01-09T23:09:04","modified_gmt":"2018-01-10T05:09:04","slug":"designan-alcalde-suplente-de-petatlan-es-hermano-del-asesinado-arturo-gomez","status":"publish","type":"post","link":"https:\/\/www.interaccionnoticias.com.mx\/?p=11305","title":{"rendered":"Designan alcalde suplente de Petatl\u00e1n, es hermano del asesinado Arturo G\u00f3mez"},"content":{"rendered":"<h3 class=\"m_-1699704356281045808x_MsoListParagraph\"><strong><span lang=\"ES\">Los hermanos Arturo y Jes\u00fas G\u00f3mez P\u00e9rez contendieron como titular y suplente en 2015<\/span><\/strong><\/h3>\n<p class=\"m_-1699704356281045808x_MsoNormal\"><span lang=\"ES\">El Congreso local design\u00f3 a Jes\u00fas G\u00f3mez P\u00e9rez como alcalde sustituto de Petatl\u00e1n, tras el asesinato su hermano Arturo, ocurrido la noche del 29 de diciembre de 2017.<\/span><\/p>\n<p class=\"m_-1699704356281045808x_MsoNormal\"><span lang=\"ES\">La jornada del martes 9 de enero, el Pleno del Congreso local sostuvo tres sesiones, tiempo en el que desahog\u00f3 varios pendientes que se arrastran desde diciembre pasado.<\/span><\/p>\n<p class=\"m_-1699704356281045808x_MsoNormal\"><span lang=\"ES\">En la segunda sesi\u00f3n se dio lectura al decreto por medio del cual se llama a Jes\u00fas G\u00f3mez P\u00e9rez para que asuma el cargo y funciones de presidente municipal de Petatl\u00e1n.<\/span><\/p>\n<p class=\"m_-1699704356281045808x_MsoNormal\"><span lang=\"ES\">En la tercera sesi\u00f3n el dictamen de la Comisi\u00f3n de Asuntos Pol\u00edticos, presidida por la perredista Rosa Coral Mendoza Falc\u00f3n qued\u00f3 aprobado, solo falta que el ahora alcalde sustituto se presente al Congreso para tomar la protesta de rigor, despu\u00e9s, una comisi\u00f3n especial de diputados acudir\u00e1 a Petatl\u00e1n para instalarlo formalmente en la alcald\u00eda.<\/span><\/p>\n<p class=\"m_-1699704356281045808x_MsoNormal\"><span lang=\"ES\">Jes\u00fas es hermano de Arturo G\u00f3mez P\u00e9rez, son originarios de la comunidad de San Jeronimito y se registraron ante el Instituto Electoral de Participaci\u00f3n Ciudadana (IEPC) como candidatos titular y suplente, en los comicios locales de 2015, siendo postulados por el PRD.<\/span><\/p>\n<p class=\"m_-1699704356281045808x_MsoNormal\"><span lang=\"ES\">La noche del 29 de diciembre, Arturo tomaba parte de un convivio con compa\u00f1eros de su generaci\u00f3n de la preparatoria, cuando un pistolero solitario entr\u00f3 a la pozoler\u00eda en que se encontraba y lo atac\u00f3, mat\u00e1ndolo en el lugar.<\/span><\/p>\n<p class=\"m_-1699704356281045808x_MsoNormal\"><span lang=\"ES\">Hasta el momento, la s\u00edndica Ang\u00e9lica Garc\u00eda Vargas ha fungido como encargada de despacho en la presidencia del cabildo, por lo que el Congreso decidi\u00f3 llamar al suplente.<\/span><\/p>\n<p class=\"m_-1699704356281045808x_MsoNormal\"><span lang=\"ES\">Se espera que Jes\u00fas G\u00f3mez acuda el pr\u00f3ximo jueves 11 de enero a las instalaciones del Congreso para rendir la protesta de rigor.<\/span><\/p>\n","protected":false},"excerpt":{"rendered":"<p>Los hermanos Arturo y Jes\u00fas G\u00f3mez P\u00e9rez contendieron como titular y suplente en 2015 El Congreso local design\u00f3 a Jes\u00fas G\u00f3mez P\u00e9rez como alcalde sustituto de Petatl\u00e1n, tras el asesinato&hellip; <\/p>\n","protected":false},"author":1,"featured_media":0,"comment_status":"closed","ping_status":"closed","sticky":false,"template":"","format":"standard","meta":{"fifu_image_url":"","fifu_image_alt":"","footnotes":""},"categories":[2,8],"tags":[],"class_list":["post-11305","post","type-post","status-publish","format-standard","hentry","category-congreso","category-featured"],"_links":{"self":[{"href":"https:\/\/www.interaccionnoticias.com.mx\/index.php?rest_route=\/wp\/v2\/posts\/11305","targetHints":{"allow":["GET"]}}],"collection":[{"href":"https:\/\/www.interaccionnoticias.com.mx\/index.php?rest_route=\/wp\/v2\/posts"}],"about":[{"href":"https:\/\/www.interaccionnoticias.com.mx\/index.php?rest_route=\/wp\/v2\/types\/post"}],"author":[{"embeddable":true,"href":"https:\/\/www.interaccionnoticias.com.mx\/index.php?rest_route=\/wp\/v2\/users\/1"}],"replies":[{"embeddable":true,"href":"https:\/\/www.interaccionnoticias.com.mx\/index.php?rest_route=%2Fwp%2Fv2%2Fcomments&post=11305"}],"version-history":[{"count":0,"href":"https:\/\/www.interaccionnoticias.com.mx\/index.php?rest_route=\/wp\/v2\/posts\/11305\/revisions"}],"wp:attachment":[{"href":"https:\/\/www.interaccionnoticias.com.mx\/index.php?rest_route=%2Fwp%2Fv2%2Fmedia&parent=11305"}],"wp:term":[{"taxonomy":"category","embeddable":true,"href":"https:\/\/www.interaccionnoticias.com.mx\/index.php?rest_route=%2Fwp%2Fv2%2Fcategories&post=11305"},{"taxonomy":"post_tag","embeddable":true,"href":"https:\/\/www.interaccionnoticias.com.mx\/index.php?rest_route=%2Fwp%2Fv2%2Ftags&post=11305"}],"curies":[{"name":"wp","href":"https:\/\/api.w.org\/{rel}","templated":true}]}}