{"id":11302,"date":"2018-01-09T23:04:17","date_gmt":"2018-01-10T05:04:17","guid":{"rendered":"http:\/\/www.inter-accion.com.mx\/?p=11302"},"modified":"2018-01-09T23:04:17","modified_gmt":"2018-01-10T05:04:17","slug":"el-congreso-condena-las-desapariciones-y-asesinatos-de-jovenes-en-chilpancingo","status":"publish","type":"post","link":"https:\/\/www.interaccionnoticias.com.mx\/?p=11302","title":{"rendered":"El Congreso condena las desapariciones y asesinatos de j\u00f3venes en Chilpancingo"},"content":{"rendered":"<h3 class=\"m_-5957700693060048168x_MsoListParagraph\"><strong><span lang=\"ES\">Necesario evitar que las polic\u00edas municipales sean cooptadas por el crimen<\/span><\/strong><\/h3>\n<p class=\"m_-5957700693060048168x_MsoNormal\"><span lang=\"ES\">El Congreso local conden\u00f3 la desaparici\u00f3n y asesinato de los j\u00f3venes Marco Catal\u00e1n y de Jorge Arturo V\u00e1zquez en el inicio del a\u00f1o, tambi\u00e9n solicit\u00f3 que las autoridades centren sus esfuerzo en la b\u00fasqueda y localizaci\u00f3n con vida de los j\u00f3venes&nbsp;<\/span>Efra\u00edn Andoney Patr\u00f3n Ramos, Abel Aguilar Garc\u00eda, Jacobo P\u00e9rez L\u00f3pez y Cristhian Isidro \u00c1vila Mart\u00ednez, todos ellos declarados como desaparecidos.<\/p>\n<p class=\"m_-5957700693060048168x_MsoNormal\"><span lang=\"ES\">En la tribuna del Congreso local, el presidente de la Comisi\u00f3n de Seguridad P\u00fablica del Congreso, Ricardo Mej\u00eda Berdeja record\u00f3 que en los casos de Marco Catal\u00e1n y Jorge Arturo V\u00e1zquez, la informaci\u00f3n que existe va en el sentido de que fueron detenidos por elementos de la polic\u00eda municipal de Chilpancingo, para luego ser entregados a supuestos integrantes de la delincuencia organizada.<\/span><\/p>\n<p class=\"m_-5957700693060048168x_MsoNormal\"><span lang=\"ES\">Desatac\u00f3 que lo mismo ocurri\u00f3 con la desaparici\u00f3n de tres j\u00f3venes, quienes fueron detenidos y desparecidos, para luego arrojarlos vivos en un paraje solitario, con claras huellas de tortura.<\/span><\/p>\n<p class=\"m_-5957700693060048168x_MsoNormal\"><span lang=\"ES\">&nbsp;<\/span><span lang=\"ES\">Mej\u00eda Berdeja denunci\u00f3 tambi\u00e9n que familiares de Efra\u00edn Patr\u00f3n Ramos y de Abel Aguilar Garc\u00eda, solicitaran hacer p\u00fablico que luego de que el Fiscal General del Estado les citara a una reuni\u00f3n, \u00e9ste simplemente no se present\u00f3 a la cita que, seg\u00fan familiares, \u00e9l mismo hab\u00eda convocado.<\/span><\/p>\n<p class=\"m_-5957700693060048168x_MsoNormal\"><span lang=\"ES\">Ese plant\u00f3n a los familiares, dijo que habla de la gran irresponsabilidad con la que se manejan estos asuntos en la Fiscal\u00eda de Guerrero.<\/span><\/p>\n<p class=\"m_-5957700693060048168x_MsoNormal\"><span lang=\"ES\">Explic\u00f3 que despu\u00e9s de los hechos registrados el 26 de setiembre de 2014 en Iguala, luego de que qued\u00f3 acreditada la participaci\u00f3n de las polic\u00edas municipales de dicha ciudad y de Cocula, hoy se vuelve a registrar la intervenci\u00f3n de estas corporaciones en un acto de esa naturaleza.<\/span><\/p>\n<p class=\"m_-5957700693060048168x_MsoNormal\"><span lang=\"ES\">Reproch\u00f3 que en el caso de Marco y Jorge solo haya un detenido, pues lo mismo sucedi\u00f3 en el caso de las investigaciones que se desarrollan en torno al asesinaro de Demetrio Sald\u00edvar G\u00f3mez, el extinto secretario general del PRD en Guerrero, \u201cpues de un detenido no pasa\u201d.<\/span><\/p>\n<p class=\"m_-5957700693060048168x_MsoNormal\"><span lang=\"ES\">El legislador consider\u00f3 importante implementar acciones para que ya no se utilice a las polic\u00edas como operadores de la delincuencia organizada.<\/span><\/p>\n<p class=\"m_-5957700693060048168x_MsoNormal\"><span lang=\"ES\">&nbsp;\u201cSaludamos que la polic\u00eda estatal haya asumido el control, pero no puede estar supliendo la complicidad o la incapacidad de los alcaldes m\u00e1s aun cuando la polic\u00eda estatal es insuficiente\u201d, dijo el representante popular.<\/span><\/p>\n","protected":false},"excerpt":{"rendered":"<p>Necesario evitar que las polic\u00edas municipales sean cooptadas por el crimen El Congreso local conden\u00f3 la desaparici\u00f3n y asesinato de los j\u00f3venes Marco Catal\u00e1n y de Jorge Arturo V\u00e1zquez en&hellip; <\/p>\n","protected":false},"author":1,"featured_media":0,"comment_status":"closed","ping_status":"closed","sticky":false,"template":"","format":"standard","meta":{"fifu_image_url":"","fifu_image_alt":"","footnotes":""},"categories":[2,8],"tags":[],"class_list":["post-11302","post","type-post","status-publish","format-standard","hentry","category-congreso","category-featured"],"_links":{"self":[{"href":"https:\/\/www.interaccionnoticias.com.mx\/index.php?rest_route=\/wp\/v2\/posts\/11302","targetHints":{"allow":["GET"]}}],"collection":[{"href":"https:\/\/www.interaccionnoticias.com.mx\/index.php?rest_route=\/wp\/v2\/posts"}],"about":[{"href":"https:\/\/www.interaccionnoticias.com.mx\/index.php?rest_route=\/wp\/v2\/types\/post"}],"author":[{"embeddable":true,"href":"https:\/\/www.interaccionnoticias.com.mx\/index.php?rest_route=\/wp\/v2\/users\/1"}],"replies":[{"embeddable":true,"href":"https:\/\/www.interaccionnoticias.com.mx\/index.php?rest_route=%2Fwp%2Fv2%2Fcomments&post=11302"}],"version-history":[{"count":0,"href":"https:\/\/www.interaccionnoticias.com.mx\/index.php?rest_route=\/wp\/v2\/posts\/11302\/revisions"}],"wp:attachment":[{"href":"https:\/\/www.interaccionnoticias.com.mx\/index.php?rest_route=%2Fwp%2Fv2%2Fmedia&parent=11302"}],"wp:term":[{"taxonomy":"category","embeddable":true,"href":"https:\/\/www.interaccionnoticias.com.mx\/index.php?rest_route=%2Fwp%2Fv2%2Fcategories&post=11302"},{"taxonomy":"post_tag","embeddable":true,"href":"https:\/\/www.interaccionnoticias.com.mx\/index.php?rest_route=%2Fwp%2Fv2%2Ftags&post=11302"}],"curies":[{"name":"wp","href":"https:\/\/api.w.org\/{rel}","templated":true}]}}