{"id":11247,"date":"2018-01-08T13:59:02","date_gmt":"2018-01-08T19:59:02","guid":{"rendered":"http:\/\/www.inter-accion.com.mx\/?p=11247"},"modified":"2018-01-08T13:59:02","modified_gmt":"2018-01-08T19:59:02","slug":"marcha-de-los-reyes-magos-una-exigencia-de-justica-por-los-desaparecidos","status":"publish","type":"post","link":"https:\/\/www.interaccionnoticias.com.mx\/?p=11247","title":{"rendered":"Marcha de los \u201cReyes Magos\u201d para exigir justicia por los desaparecidos"},"content":{"rendered":"\n<h3><strong>Hijos de victimas marchan con pancartas pidiendo a los reyes magos regresen sus pap\u00e1s<\/strong><\/h3>\n<p><strong>Chilpancingo, Gro.-&nbsp;<\/strong>Ni\u00f1os disfrazados de reyes magos con pancartas que inclu\u00edan leyendas como \u201cQueridos reyes magos les pido que regrese mi Papito\u201d y \u201cD\u00f3nde est\u00e1n nuestros pap\u00e1s\u201d marcharon este lunes por las calles del Chilpancingo en compa\u00f1\u00eda de los colectivos de familiares de v\u00edctimas de desaparici\u00f3n forzada del estado de Guerrero.<br \/>\nLa movilizaci\u00f3n inici\u00f3 en la Alameda del municipio, donde se dieron cita normalistas de Ayotzinapa y los colectivos de los municipios de Acapulco, Chilpancingo, Iguala y Chilapa, esta fue encabezada por un grupo de menores, que han vivido la tragedia de perder a un ser querido y no saber de su paradero durante a\u00f1os, sin tener respuesta de parte de la Fiscal\u00eda del Estado.<br \/>\nUna de las exigencias principales de la movilizaci\u00f3n es el rechazo de la propuesta del fiscal Xavier Olea Pel\u00e1ez para que Mar\u00eda Guadalupe Rend\u00f3n Ram\u00edrez sea la nueva encargada de la nueva Fiscal\u00eda Especializada en materia de desaparici\u00f3n forzada y b\u00fasqueda de personas desaparecidas, porque aseguran ha tenido una gesti\u00f3n mediocre dentro de la fiscal\u00eda en sus cargos anteriores, sin generar resultados en beneficio de las v\u00edctimas de desaparici\u00f3n forzada y sus familiares.<br \/>\nEl contingente hizo una parada en el z\u00f3calo capitalino para retirar el \u00e1rbol de navidad de los 43, el cual acusaron que anteriormente fue quemado por autoridades municipales y estatales, por lo que tuvieron que colocar uno nuevo, tomando lo sucedido anteriormente como una muestra de la falta de inter\u00e9s que tienen las autoridades en las exigencias del movimiento social.<br \/>\nPosteriormente el contingente se traslad\u00f3 hasta el la sede del poder Legislativo donde fue atendida una comisi\u00f3n por los diputados, para escuchar sus demandas.<\/p>\n","protected":false},"excerpt":{"rendered":"<p>Hijos de victimas marchan con pancartas pidiendo a los reyes magos regresen sus pap\u00e1s Chilpancingo, Gro.-&nbsp;Ni\u00f1os disfrazados de reyes magos con pancartas que inclu\u00edan leyendas como \u201cQueridos reyes magos les&hellip; <\/p>\n","protected":false},"author":1,"featured_media":0,"comment_status":"closed","ping_status":"closed","sticky":false,"template":"","format":"standard","meta":{"fifu_image_url":"","fifu_image_alt":"","footnotes":""},"categories":[8,15],"tags":[],"class_list":["post-11247","post","type-post","status-publish","format-standard","hentry","category-featured","category-movimientos-sociales"],"_links":{"self":[{"href":"https:\/\/www.interaccionnoticias.com.mx\/index.php?rest_route=\/wp\/v2\/posts\/11247","targetHints":{"allow":["GET"]}}],"collection":[{"href":"https:\/\/www.interaccionnoticias.com.mx\/index.php?rest_route=\/wp\/v2\/posts"}],"about":[{"href":"https:\/\/www.interaccionnoticias.com.mx\/index.php?rest_route=\/wp\/v2\/types\/post"}],"author":[{"embeddable":true,"href":"https:\/\/www.interaccionnoticias.com.mx\/index.php?rest_route=\/wp\/v2\/users\/1"}],"replies":[{"embeddable":true,"href":"https:\/\/www.interaccionnoticias.com.mx\/index.php?rest_route=%2Fwp%2Fv2%2Fcomments&post=11247"}],"version-history":[{"count":0,"href":"https:\/\/www.interaccionnoticias.com.mx\/index.php?rest_route=\/wp\/v2\/posts\/11247\/revisions"}],"wp:attachment":[{"href":"https:\/\/www.interaccionnoticias.com.mx\/index.php?rest_route=%2Fwp%2Fv2%2Fmedia&parent=11247"}],"wp:term":[{"taxonomy":"category","embeddable":true,"href":"https:\/\/www.interaccionnoticias.com.mx\/index.php?rest_route=%2Fwp%2Fv2%2Fcategories&post=11247"},{"taxonomy":"post_tag","embeddable":true,"href":"https:\/\/www.interaccionnoticias.com.mx\/index.php?rest_route=%2Fwp%2Fv2%2Ftags&post=11247"}],"curies":[{"name":"wp","href":"https:\/\/api.w.org\/{rel}","templated":true}]}}