{"id":11244,"date":"2018-01-08T13:25:11","date_gmt":"2018-01-08T19:25:11","guid":{"rendered":"http:\/\/www.inter-accion.com.mx\/?p=11244"},"modified":"2018-01-08T13:25:11","modified_gmt":"2018-01-08T19:25:11","slug":"desafiante-marco-leyva-se-retoma-la-presidencia-municipal-de-chilpancingo","status":"publish","type":"post","link":"https:\/\/www.interaccionnoticias.com.mx\/?p=11244","title":{"rendered":"A la brava, Marco Leyva retoma la presidencia municipal de Chilpancingo"},"content":{"rendered":"<h3 class=\"m_-6894854953643473852x_xmsolistparagraph\"><strong><span lang=\"ES\">El alcalde soy yo, dice un sorprendido Jes\u00fas Tejeda Vargas<\/span><\/strong><\/h3>\n<h3 class=\"m_-6894854953643473852x_xmsolistparagraph\"><strong><span lang=\"ES\">El Congreso aclara que la licencia a\u00fan est\u00e1 vigente<\/span><\/strong><\/h3>\n<p class=\"m_-6894854953643473852x_xmsonormal\"><span lang=\"ES\"><br \/>\nA casi tres meses de que se le aprobara una licencia por tiempo indefinido, pese a tener un juicio de revocaci\u00f3n de mandato en suspenso, el priista Marco Antonio Leyva Mena retom\u00f3 la presidencia municipal de Chilpancingo, a pocos minutos de notificar al Congreso su determinaci\u00f3n, lo que tom\u00f3 por sorpresa a los trabajadores del ayuntamiento y al primer edil en funciones, Jes\u00fas Tejeda Vargas.<\/span><\/p>\n<p class=\"m_-6894854953643473852x_xmsonormal\"><span lang=\"ES\">La del lunes 8 de enero fue una jornada in\u00e9dita, en la que la realidad super\u00f3 a los escenarios planteados en cualquier producci\u00f3n de s\u00e1tira pol\u00edtica, con la agravante de que los hechos se suscitaron en Chilpancingo, la capital del estado de Guerrero.<\/span><\/p>\n<p class=\"m_-6894854953643473852x_xmsonormal\"><span lang=\"ES\">La historia comenz\u00f3 a relatarse pasadas las 09:00 horas, cuando Leyva Mena lleg\u00f3 al restaurant La Finca, ubicado a una cuadra del z\u00f3calo acompa\u00f1ado de un grupo de colaboradores.<\/span><\/p>\n<p class=\"m_-6894854953643473852x_xmsonormal\"><span lang=\"ES\">Ah\u00ed los esperaba un centenar de personas, principalmente l\u00edderes de colonias populares, quienes de primera instancia le manifestaron su solidaridad, ante lo que consideraron \u201cuna mala jugada\u201d que lo llev\u00f3 a separarse de la alcald\u00eda por la v\u00eda de la licencia el 16 de octubre de 2017.<\/span><\/p>\n<p class=\"m_-6894854953643473852x_xmsonormal\"><span lang=\"ES\">Dirigi\u00f3 unas palabras de bienvenida y despu\u00e9s escuch\u00f3 algunas intervenciones de sus invitados, antes de retomar la palabra advirti\u00f3 que ese d\u00eda ser\u00eda importante para la ciudad, aunque nadie en la concurrencia ten\u00eda idea de lo que estaba por suceder.<\/span><\/p>\n<p class=\"m_-6894854953643473852x_xmsonormal\"><span lang=\"ES\">Poco despu\u00e9s de las 10:00 horas, Leyva Mena dej\u00f3 de improvisar su mensaje y se dispuso a leer un extenso comunicado que comenz\u00f3 a matizar la jornada.<\/span><\/p>\n<p class=\"m_-6894854953643473852x_xmsonormal\"><span lang=\"ES\">&nbsp;<\/span><strong><span lang=\"ES\">He decidido volver<\/span><\/strong><\/p>\n<p class=\"m_-6894854953643473852x_xmsonormal\"><span lang=\"ES\">&nbsp;<\/span><span lang=\"ES\">\u201cEl d\u00eda de hoy he notificado al honorable Congreso del estado de Guerrero mi reincorporaci\u00f3n a mis funciones como presidente municipal de Chilpancingo, lo he hecho con las atribuciones legales amparadas en la Constituci\u00f3n General de la Rep\u00fablica, en la Constituci\u00f3n del Estado de Guerrero, con la voluntad que el pueblo de Chilpancingo expres\u00f3 en el pasado proceso electoral, haciendo uso de su soberan\u00eda, lo hago con el derecho que me asiste el cual es irrenunciable e intransferible por ser emanado de la voluntad popular\u201d, se\u00f1alaba el documento.<\/span><\/p>\n<p class=\"m_-6894854953643473852x_xmsonormal\"><span lang=\"ES\">Agreg\u00f3: \u201cHe decidido regresar por los infundios permanentes del adversario pol\u00edtico, por intentar utilizar la difamaci\u00f3n y la calumnia como herramienta para conseguir sus fines, sumado a la instrumentaci\u00f3n de adelantar tiempos de auditor\u00edas y aparatos coercitivos para da\u00f1ar y desaparecer del mapa pol\u00edtico a quienes consideran no sus adversarios, si no enemigos de sus visiones egoc\u00e9ntricas de poder\u201d.<\/span><\/p>\n<p class=\"m_-6894854953643473852x_xmsonormal\"><span lang=\"ES\">Leyva sostuvo que tiene claro a lo que se enfrenta, por lo que asever\u00f3: \u201cS\u00e9 a lo que me enfrento. A un aparato dirigido desde el \u00e1ngulo m\u00e1s oscuro de poder en el estado. A su dinero, a la red de intereses y voracidad de ambiciones, a promesas de negocios o candidaturas que nunca se cumplir\u00e1n y ser\u00e1n instrumento de llevar a cabo felon\u00edas a cambio de humo que los llevar\u00e1 a arrepentirse despu\u00e9s\u201d.<\/span><\/p>\n<p class=\"m_-6894854953643473852x_xmsonormal\"><span lang=\"ES\">Continu\u00f3: \u201cNo tengo miedo. Miedo es vivir en la verg\u00fcenza de no luchar y permitir avanzar una injusticia. Por eso encargo mi seguridad al gobierno de la Rep\u00fablica: he dejado con un notario la historia de mis conflictos pol\u00edticos, no tengo otros y el inter\u00e9s que se podr\u00eda tener hoy o ma\u00f1ana en mi desaparici\u00f3n\u201d.<\/span><\/p>\n<p class=\"m_-6894854953643473852x_xmsonormal\"><span lang=\"ES\">Dijo que desde el comienzo de su administraci\u00f3n ha sido amenazado junto con su familia, adem\u00e1s de que ha resistido el fuego amigo, aunque solicit\u00f3 el apoyo al gobierno estatal, dijo que en su momento solo recibi\u00f3 un \u201cdesesperado silencio\u201d.<span class=\"m_-6894854953643473852x_apple-converted-space\">&nbsp;<\/span>&nbsp;&nbsp;&nbsp;<\/span><\/p>\n<p class=\"m_-6894854953643473852x_xmsonormal\"><span lang=\"ES\">&nbsp;<\/span><strong><span lang=\"ES\">Suplente sorprendido<\/span><\/strong><\/p>\n<p class=\"m_-6894854953643473852x_xmsonormal\"><span lang=\"ES\">&nbsp;<\/span><span lang=\"ES\">Despu\u00e9s de pronunciar el mensaje, Leyva Mena invit\u00f3 a quienes compart\u00edan el desayuno con \u00e9l, a que lo acompa\u00f1aran para recuperar su oficina, en la presidencia del ayuntamiento, lo que acrecent\u00f3 la sorpresa entre sus simpatizantes.<\/span><\/p>\n<p class=\"m_-6894854953643473852x_xmsonormal\"><span lang=\"ES\">As\u00ed, pas\u00f3 por una puerta posterior tomada por un grupo de manifestantes, rodeo el edificio que alberga al ayuntamiento para entrar por la puerta frontal, que es la que lleva hacia la plaza central Primer Congreso de An\u00e1huac.<\/span><\/p>\n<p class=\"m_-6894854953643473852x_xmsonormal\"><span lang=\"ES\">Entr\u00f3 en medio de una ovaci\u00f3n, las personas que estaban formadas para pagar su impuesto predial lo miraron sorprendidos, mientras \u00e9l extend\u00eda sonriente un saludo.<\/span><\/p>\n<p class=\"m_-6894854953643473852x_xmsonormal\"><span lang=\"ES\">Subi\u00f3 por las escaleras, en el camino recibi\u00f3 abrazos de parte de varios trabajadores y as\u00ed, entre algunos vivas lleg\u00f3 hasta la presidencia.<\/span><\/p>\n<p class=\"m_-6894854953643473852x_xmsonormal\"><span lang=\"ES\">No encontr\u00f3 ning\u00fan tipo de resistencia, r\u00e1pidamente se instal\u00f3 en su escritorio sin percatarse que en un extremo de la oficina estaba el alcalde en funciones, Jes\u00fas Tejada Vargas, lo que le fue informado por el numeroso grupo de reporteros que le acompa\u00f1aba.&nbsp;&nbsp;&nbsp;<\/span><\/p>\n<p class=\"m_-6894854953643473852x_xmsonormal\"><span lang=\"ES\">Incr\u00e9dulo por lo que suced\u00eda, Tejada coment\u00f3 a los reporteros que no estaba enterado de la determinaci\u00f3n de Leyva Mena, tambi\u00e9n se\u00f1al\u00f3 que no hab\u00eda recibido ninguna notificaci\u00f3n del Congreso, que al final es quien lo instal\u00f3 en el cargo.<\/span><\/p>\n<p class=\"m_-6894854953643473852x_xmsonormal\"><span lang=\"ES\">\u201cEl alcalde soy yo\u201d, dijo el empresario con la expresi\u00f3n de sorpresa plasmada en el rostro.<\/span><\/p>\n<p class=\"m_-6894854953643473852x_xmsonormal\"><span lang=\"ES\">Ante la lluvia de preguntas argumentaba que en todo caso, ser\u00e1 el Congreso el que determine si ha lugar al reclamo que hace su antecesor en el cargo.<\/span><\/p>\n<p class=\"m_-6894854953643473852x_xmsonormal\"><span lang=\"ES\">&nbsp;<\/span><strong><span lang=\"ES\">La licencia subsiste<\/span><\/strong><\/p>\n<p class=\"m_-6894854953643473852x_xmsonormal\"><span lang=\"ES\">&nbsp;<\/span><span lang=\"ES\">Benjam\u00edn Gallegos Segura, oficial mayor del Congreso, record\u00f3 que la licencia presentada por Leyva Mena se\u00f1ala que la separaci\u00f3n del cargo es \u201cpor tiempo indefinido, durante el resto del periodo de ejercicio constitucional para el que fue electo\u201d.<\/span><\/p>\n<p class=\"m_-6894854953643473852x_xmsonormal\"><span lang=\"ES\">La licencia aprobada por el Congreso, de acuerdo con Gallegos, se aprob\u00f3 en los t\u00e9rminos de la solicitud entregada, \u201cque fue por el resto de su periodo\u201d.<\/span><\/p>\n<p class=\"m_-6894854953643473852x_xmsonormal\"><span lang=\"ES\">Sin embargo, este lunes a las 10:13 horas entr\u00f3 el escrito con la notificaci\u00f3n de que ha decidido retomar el cargo.<\/span><\/p>\n<p class=\"m_-6894854953643473852x_xmsonormal\"><span lang=\"ES\">Anticip\u00f3 que ser\u00e1 hasta la jornada del martes 9 de diciembre cuando el Congreso determine que es lo que pasa, de tal suerte que para el Poder Legislativo, el alcalde sigue siendo Jes\u00fas Tejeda Vargas.<\/span><\/p>\n<p class=\"m_-6894854953643473852x_xmsonormal\"><span lang=\"ES\">&nbsp;<\/span><strong><span lang=\"ES\">\u00bfQu\u00e9 es m\u00e1s grave para el Congreso?<\/span><\/strong><\/p>\n<p class=\"m_-6894854953643473852x_xmsonormal\"><span lang=\"ES\">&nbsp;<\/span><span lang=\"ES\">Anticip\u00e1ndose a la postura de los diputados locales, el alcalde Leyva Mena dej\u00f3 en el aire algunos cuestionamientos hacia el Congreso local:<\/span><\/p>\n<p class=\"m_-6894854953643473852x_xmsonormal\"><span lang=\"ES\">\u00bfQu\u00e9 es m\u00e1s grave para el Congreso? \u00bfUna autoridad municipal que no paga a su cabildo en dos a\u00f1os? \u00bfUn juicio por homicidio? \u00bfla cantidad de muertos, desaparecidos o desplazados por la violencia? \u00bfUna escena de teatro montada de basura en las calles?&nbsp;&nbsp;&nbsp;&nbsp;<\/span><\/p>\n","protected":false},"excerpt":{"rendered":"<p>El alcalde soy yo, dice un sorprendido Jes\u00fas Tejeda Vargas El Congreso aclara que la licencia a\u00fan est\u00e1 vigente A casi tres meses de que se le aprobara una licencia&hellip; <\/p>\n","protected":false},"author":1,"featured_media":0,"comment_status":"closed","ping_status":"closed","sticky":false,"template":"","format":"standard","meta":{"fifu_image_url":"","fifu_image_alt":"","footnotes":""},"categories":[13,8],"tags":[],"class_list":["post-11244","post","type-post","status-publish","format-standard","hentry","category-capital","category-featured"],"_links":{"self":[{"href":"https:\/\/www.interaccionnoticias.com.mx\/index.php?rest_route=\/wp\/v2\/posts\/11244","targetHints":{"allow":["GET"]}}],"collection":[{"href":"https:\/\/www.interaccionnoticias.com.mx\/index.php?rest_route=\/wp\/v2\/posts"}],"about":[{"href":"https:\/\/www.interaccionnoticias.com.mx\/index.php?rest_route=\/wp\/v2\/types\/post"}],"author":[{"embeddable":true,"href":"https:\/\/www.interaccionnoticias.com.mx\/index.php?rest_route=\/wp\/v2\/users\/1"}],"replies":[{"embeddable":true,"href":"https:\/\/www.interaccionnoticias.com.mx\/index.php?rest_route=%2Fwp%2Fv2%2Fcomments&post=11244"}],"version-history":[{"count":0,"href":"https:\/\/www.interaccionnoticias.com.mx\/index.php?rest_route=\/wp\/v2\/posts\/11244\/revisions"}],"wp:attachment":[{"href":"https:\/\/www.interaccionnoticias.com.mx\/index.php?rest_route=%2Fwp%2Fv2%2Fmedia&parent=11244"}],"wp:term":[{"taxonomy":"category","embeddable":true,"href":"https:\/\/www.interaccionnoticias.com.mx\/index.php?rest_route=%2Fwp%2Fv2%2Fcategories&post=11244"},{"taxonomy":"post_tag","embeddable":true,"href":"https:\/\/www.interaccionnoticias.com.mx\/index.php?rest_route=%2Fwp%2Fv2%2Ftags&post=11244"}],"curies":[{"name":"wp","href":"https:\/\/api.w.org\/{rel}","templated":true}]}}