{"id":11229,"date":"2018-01-07T21:47:19","date_gmt":"2018-01-08T03:47:19","guid":{"rendered":"http:\/\/www.inter-accion.com.mx\/?p=11229"},"modified":"2018-01-07T21:47:19","modified_gmt":"2018-01-08T03:47:19","slug":"sindico-de-chilpancingo-rechaza-vinculos-con-la-delincuencia","status":"publish","type":"post","link":"https:\/\/www.interaccionnoticias.com.mx\/?p=11229","title":{"rendered":"Sindico de Chilpancingo rechaza v\u00ednculos con la delincuencia"},"content":{"rendered":"<h3><strong>Ni necesidad ni inter\u00e9s, asegura Miguel Angel Hern\u00e1ndez<\/strong><\/h3>\n<p class=\"m_8086018844010557275x_MsoNormal\">\nEl segundo s\u00edndico de Chilpancingo, Miguel Angel Hern\u00e1ndez G\u00f3mez rechaz\u00f3 tener v\u00ednculos con el crimen organizado, denunci\u00f3 que hay una consigna encaminada a desacreditarlo y manifest\u00f3 que est\u00e1 dispuesto a que se le investigue, para despejar cualquier duda.<\/p>\n<p class=\"m_8086018844010557275x_MsoNormal\">La jornada del domingo, el sindico responsable del \u00e1rea de seguridad p\u00fablica en la capital del estado difundi\u00f3 una carta en la que hace algunas precisiones relacionadas con una fotograf\u00eda que se difundi\u00f3 en medios nacionales y redes sociales, en las que aparece al lado de un supuesto delincuente apodado como \u201cEl Carioca\u201d.<\/p>\n<p>Explic\u00f3 que en noviembre de 2016, al calor de una confrontaci\u00f3n entre las autodefensas del FUSDEG y la UPOEG, acudi\u00f3 en calidad de S\u00edndico de Chilpancingo a la<span class=\"m_8086018844010557275x_apple-converted-space\">&nbsp;<\/span><span class=\"m_8086018844010557275x_textexposedshow\">zona en conflicto, en esa ocasi\u00f3n estuvo acompa\u00f1ado de representantes del gobierno estatal y de la federaci\u00f3n, con la intenci\u00f3n de motivar el di\u00e1logo entre las partes para evitar que la violencia creciera.<\/span><br \/>\nAnot\u00f3 que una vez que se logr\u00f3 que bajara la tensi\u00f3n, los representantes de las comunidades afectadas lo invitaron a un evento p\u00fablico en la comunidad de Mohoneras, lo que cual acept\u00f3 porque se trata de un representante popular.<br \/>\nFue en ese encuentro e se tom\u00f3 la imagen con&nbsp;\u201cEl Carioca\u201d, el cual dijo, le fue presentado como un integrante de la Uni\u00f3n de Pueblos y Organizaciones del Estado de Guerrero (UPOEG), no como un delincuente.<br \/>\nLa fotograf\u00eda dijo que se tom\u00f3 en una actividad p\u00fablica, pero que se ha tratado de aparentar que se gener\u00f3 en un encuentro clandestino.<br \/>\n\u201cMe form\u00e9 en la Universidad Aut\u00f3noma de Guerrero (UAGro) y ostento una Maestr\u00eda en Derecho Electoral, un Doctorado en Ciencias Sociales por mi alma m\u00e1ter, y un segundo Doctorado en Derecho por el Centro de Investigaci\u00f3n Jur\u00eddica de Puebla (CENIJUR), no tengo el inter\u00e9s ni la necesidad de relacionarme con personas o situaciones que trastoquen la ley. Mi vida es p\u00fablica y no tengo nada qu\u00e9 ocultar\u201d, asever\u00f3.<br \/>\nAgrega:&nbsp;\u201cInvito a quien tenga elementos de supuestas acciones ilegales a recurrir ante las autoridades correspondientes y estoy abierto a que se me investigue, porque estoy seguro que como funcionario y ciudadano he sido respetuoso de la ley\u201d.<br \/>\nAl sindico de Chilpancingo, en reiteradas ocasiones se le ha se\u00f1alado como supuesto aliado de una organizaci\u00f3n delictiva que opera desde la sierra.&nbsp;&nbsp;&nbsp;<\/p>\n","protected":false},"excerpt":{"rendered":"<p>Ni necesidad ni inter\u00e9s, asegura Miguel Angel Hern\u00e1ndez El segundo s\u00edndico de Chilpancingo, Miguel Angel Hern\u00e1ndez G\u00f3mez rechaz\u00f3 tener v\u00ednculos con el crimen organizado, denunci\u00f3 que hay una consigna encaminada&hellip; <\/p>\n","protected":false},"author":1,"featured_media":0,"comment_status":"closed","ping_status":"closed","sticky":false,"template":"","format":"standard","meta":{"fifu_image_url":"","fifu_image_alt":"","footnotes":""},"categories":[13,8],"tags":[],"class_list":["post-11229","post","type-post","status-publish","format-standard","hentry","category-capital","category-featured"],"_links":{"self":[{"href":"https:\/\/www.interaccionnoticias.com.mx\/index.php?rest_route=\/wp\/v2\/posts\/11229","targetHints":{"allow":["GET"]}}],"collection":[{"href":"https:\/\/www.interaccionnoticias.com.mx\/index.php?rest_route=\/wp\/v2\/posts"}],"about":[{"href":"https:\/\/www.interaccionnoticias.com.mx\/index.php?rest_route=\/wp\/v2\/types\/post"}],"author":[{"embeddable":true,"href":"https:\/\/www.interaccionnoticias.com.mx\/index.php?rest_route=\/wp\/v2\/users\/1"}],"replies":[{"embeddable":true,"href":"https:\/\/www.interaccionnoticias.com.mx\/index.php?rest_route=%2Fwp%2Fv2%2Fcomments&post=11229"}],"version-history":[{"count":0,"href":"https:\/\/www.interaccionnoticias.com.mx\/index.php?rest_route=\/wp\/v2\/posts\/11229\/revisions"}],"wp:attachment":[{"href":"https:\/\/www.interaccionnoticias.com.mx\/index.php?rest_route=%2Fwp%2Fv2%2Fmedia&parent=11229"}],"wp:term":[{"taxonomy":"category","embeddable":true,"href":"https:\/\/www.interaccionnoticias.com.mx\/index.php?rest_route=%2Fwp%2Fv2%2Fcategories&post=11229"},{"taxonomy":"post_tag","embeddable":true,"href":"https:\/\/www.interaccionnoticias.com.mx\/index.php?rest_route=%2Fwp%2Fv2%2Ftags&post=11229"}],"curies":[{"name":"wp","href":"https:\/\/api.w.org\/{rel}","templated":true}]}}